{"id":7809,"date":"2024-03-22T19:32:34","date_gmt":"2024-03-22T18:32:34","guid":{"rendered":"https:\/\/www.feuerwehrkostheim.de\/?p=7809"},"modified":"2024-05-12T12:14:16","modified_gmt":"2024-05-12T11:14:16","slug":"tag-der-offenen-tuer-der-feuerwehr-kostheim","status":"publish","type":"post","link":"https:\/\/www.feuerwehrkostheim.de\/?p=7809","title":{"rendered":"Tag der offenen T\u00fcr der Feuerwehr Kostheim"},"content":{"rendered":"\n<figure class=\"wp-block-image size-full\"><a href=\"https:\/\/www.feuerwehrkostheim.de\/wp-content\/uploads\/2024\/03\/150-Jahre-Feuerwehr-Kostheim-TdoT.png\"><img loading=\"lazy\" decoding=\"async\" width=\"810\" height=\"450\" src=\"https:\/\/www.feuerwehrkostheim.de\/wp-content\/uploads\/2024\/03\/150-Jahre-Feuerwehr-Kostheim-TdoT.png\" alt=\"\" class=\"wp-image-7808\" srcset=\"https:\/\/www.feuerwehrkostheim.de\/wp-content\/uploads\/2024\/03\/150-Jahre-Feuerwehr-Kostheim-TdoT.png 810w, https:\/\/www.feuerwehrkostheim.de\/wp-content\/uploads\/2024\/03\/150-Jahre-Feuerwehr-Kostheim-TdoT-480x267.png 480w\" sizes=\"(min-width: 0px) and (max-width: 480px) 480px, (min-width: 481px) 810px, 100vw\" \/><\/a><\/figure>\n\n\n\n<p class=\"wp-block-paragraph\">Anl\u00e4sslich ihres 150-j\u00e4hrigen Bestehens veranstaltet in diesem Jahr die Feuerwehr Kostheim wieder einen Tag der offenen T\u00fcr rund um das Feuerwehrger\u00e4tehaus.<\/p>\n\n\n\n<p class=\"wp-block-paragraph\">Nach guter Tradition erwartet die G\u00e4ste an diesem Tag wieder tolle Attraktionen f\u00fcr jung und alt. Neben einer Fahrzeugausstellung sowie einer gro\u00dfen H\u00fcpfburg f\u00fcr unsere kleinen G\u00e4ste, wird zudem auch ein Feuerl\u00f6scher Training angeboten. Nat\u00fcrlich darf an einem solchen Tag auch eine gute Verpflegung nicht fehlen &#8211; f\u00fcr ausreichend Essen sowie Getr\u00e4nke wird gesorgt sein.<\/p>\n\n\n\n<p class=\"wp-block-paragraph\">Wir laden unsere G\u00e4sten aus Nah und Fern ein, ein paar sch\u00f6ne Stunden in geselliger Runde zu verbringen und genie\u00dfen Sie zusammen mit ihrer Familie oder Freunden den Feiertag im Kreise ihrer Feuerwehr Kostheim.<\/p>\n","protected":false},"excerpt":{"rendered":"<p>Anl\u00e4sslich ihres 150-j\u00e4hrigen Bestehens veranstaltet in diesem Jahr die Feuerwehr Kostheim wieder einen Tag der offenen T\u00fcr rund um das Feuerwehrger\u00e4tehaus. Nach guter Tradition erwartet die G\u00e4ste an diesem Tag wieder tolle Attraktionen f\u00fcr jung und alt. Neben einer Fahrzeugausstellung sowie einer gro\u00dfen H\u00fcpfburg f\u00fcr unsere kleinen G\u00e4ste, wird zudem auch ein Feuerl\u00f6scher Training angeboten. [&hellip;]<\/p>\n","protected":false},"author":1,"featured_media":0,"comment_status":"closed","ping_status":"open","sticky":false,"template":"","format":"standard","meta":{"_et_pb_use_builder":"","_et_pb_old_content":"","_et_gb_content_width":"","_crdt_document":"","footnotes":""},"categories":[1651],"tags":[1714,1350,443,256,250,1713],"class_list":["post-7809","post","type-post","status-publish","format-standard","hentry","category-150-jahre-ffk","tag-christi-himmelfahrt","tag-feuerwehrgeraetehaus","tag-jubilaum","tag-tag-der-offenen-tur","tag-vatertag","tag-veranstaltung"],"_links":{"self":[{"href":"https:\/\/www.feuerwehrkostheim.de\/index.php?rest_route=\/wp\/v2\/posts\/7809","targetHints":{"allow":["GET"]}}],"collection":[{"href":"https:\/\/www.feuerwehrkostheim.de\/index.php?rest_route=\/wp\/v2\/posts"}],"about":[{"href":"https:\/\/www.feuerwehrkostheim.de\/index.php?rest_route=\/wp\/v2\/types\/post"}],"author":[{"embeddable":true,"href":"https:\/\/www.feuerwehrkostheim.de\/index.php?rest_route=\/wp\/v2\/users\/1"}],"replies":[{"embeddable":true,"href":"https:\/\/www.feuerwehrkostheim.de\/index.php?rest_route=%2Fwp%2Fv2%2Fcomments&post=7809"}],"version-history":[{"count":1,"href":"https:\/\/www.feuerwehrkostheim.de\/index.php?rest_route=\/wp\/v2\/posts\/7809\/revisions"}],"predecessor-version":[{"id":7810,"href":"https:\/\/www.feuerwehrkostheim.de\/index.php?rest_route=\/wp\/v2\/posts\/7809\/revisions\/7810"}],"wp:attachment":[{"href":"https:\/\/www.feuerwehrkostheim.de\/index.php?rest_route=%2Fwp%2Fv2%2Fmedia&parent=7809"}],"wp:term":[{"taxonomy":"category","embeddable":true,"href":"https:\/\/www.feuerwehrkostheim.de\/index.php?rest_route=%2Fwp%2Fv2%2Fcategories&post=7809"},{"taxonomy":"post_tag","embeddable":true,"href":"https:\/\/www.feuerwehrkostheim.de\/index.php?rest_route=%2Fwp%2Fv2%2Ftags&post=7809"}],"curies":[{"name":"wp","href":"https:\/\/api.w.org\/{rel}","templated":true}]}}