{"id":7798,"date":"2024-03-20T15:44:24","date_gmt":"2024-03-20T14:44:24","guid":{"rendered":"https:\/\/www.feuerwehrkostheim.de\/?p=7798"},"modified":"2024-03-20T17:09:45","modified_gmt":"2024-03-20T16:09:45","slug":"veranstaltungsreiches-wochenende-fuer-die-feuerwehr","status":"publish","type":"post","link":"https:\/\/www.feuerwehrkostheim.de\/?p=7798","title":{"rendered":"Veranstaltungsreiches Wochenende f\u00fcr die Feuerwehr"},"content":{"rendered":"\n<p class=\"wp-block-paragraph\">Das dritte M\u00e4rzwochenende hatte es f\u00fcr die Kameradinnen und Kameraden der Kostheimer Feuerwehr richtig in sich. Zwar mussten keine Eins\u00e4tze abgearbeitet werden, dennoch war man von Freitag bis einschlie\u00dflich Sonntag umfangreich gefordert.<\/p>\n\n\n\n<h3 class=\"wp-block-heading\">Aufbau der Osterkronen<\/h3>\n\n\n\n<p class=\"wp-block-paragraph\">Freitagnachmittag unterst\u00fctze die Einsatzabteilung den Landfrauenverein, die auch in diesem Jahr wieder den Wiener Platz sowie den Vorplatz der Ortverwaltung mit ihren selbstgebauten Osterkronen schm\u00fccken werden. Die Einzelteile der beiden Osterkronen wurden aus ihren Winterquartieren geholt und dann jeweils vor Ort durch die Feuerwehr aufgebaut.<\/p>\n\n\n\n<h3 class=\"wp-block-heading\">Delegiertentag des Stadtjugendfeuerwehrverbandes Wiesbaden<\/h3>\n\n\n\n<p class=\"wp-block-paragraph\">Am Samstagvormittag richtete man das Kostheimer B\u00fcrgerhaus her, sodass am Mittag der Delegiertentag der Wiesbadner Jugendfeuerwehren stattfinden konnte. Hierzu wurde die B\u00fchne dekoriert, Tische sowie St\u00fchle aufgebaut und auch die Verpflegung f\u00fcr den Feuerwehrnachwuchs bereitgestellt.<\/p>\n\n\n\n<figure class=\"wp-block-image alignright size-large\"><img decoding=\"async\" src=\"https:\/\/live.staticflickr.com\/65535\/53599632931_e1d4a55774_n.jpg\" alt=\"\"\/><\/figure>\n\n\n\n<p class=\"wp-block-paragraph\">Gegen Mittag trafen nach und nach die Delegierten aller Wiesbadener Jugendfeuerwehren samt ihrer Betreuer in Kostheim ein. Aufgrund der Parksituation wurde zus\u00e4tzlich einen Shuttleservice eingerichtet, sodass die Fahrzeuge der anreisenden Wehren zentral auf dem Parkplatz der Firma Carrier abgestellt werden konnten. Neben dem Vorstand des Stadtjugendfeuerwehrverbandes waren auch zahlreiche Ehreng\u00e4ste seitens der Feuerwehr, der Politik und Wirtschaft anwesend.<\/p>\n\n\n\n<p class=\"wp-block-paragraph\">Im Zuge des Delegiertentages \u00fcberreichte J\u00f6rg Krieger im Namen der Sparkassenversicherung der Kostheimer Wehr gleich drei Spenden. F\u00fcr jedes von der Feuerwehr Kostheim in diesem Jahr zu feiernde Jubil\u00e4um &#8211; 150 Jahre Feuerwehr Kostheim, 50 Jahre Jugendfeuerwehr, 20 Jahre Bambinifeuerwehr &#8211; erhielten die Vertreter der einzelnen Abteilungen eine entsprechende Spendenurkunde.<\/p>\n\n\n\n<figure class=\"wp-block-image aligncenter size-large\"><img decoding=\"async\" src=\"https:\/\/live.staticflickr.com\/65535\/53599852773_ef8fd042f6_n.jpg\" alt=\"\"\/><\/figure>\n\n\n\n<p class=\"wp-block-paragraph\">Nach Abschluss des Delegiertentages wurde am sp\u00e4ten Nachmittag der B\u00fcrgerhaussaal f\u00fcr die am Sonntag stattfindenden Versammlungen der Kostheimer Feuerwehr vorbereitet.<\/p>\n\n\n<p><!--more--><\/p>\n\n\n<p class=\"wp-block-paragraph\">Parallel hierzu entsandte man eine Abordnung zu den Kostheimer Landfrauen, die zum feierlichen Stellen der Osterkrone einluden.<\/p>\n\n\n\n<h3 class=\"wp-block-heading\">Jahreshauptversammlungen der Feuerwehr Kostheim<\/h3>\n\n\n\n<figure class=\"wp-block-image alignright size-large\"><img decoding=\"async\" src=\"https:\/\/live.staticflickr.com\/65535\/53598768642_30635cef35_n.jpg\" alt=\"\"\/><\/figure>\n\n\n\n<p class=\"wp-block-paragraph\">Am fr\u00fchen Sonntagmorgen startete man mit der Jahreshauptversammlung der \u00f6ffentlich-rechtlichen Abteilung der Feuerwehr Kostheim. Wehrf\u00fchrer Michael Stark begr\u00fc\u00dfte neben den Kameradinnen und Kameraden der Einsatz- sowie Alters-und Ehrenabteilung auch Thorsten Haag als Vertreter der Berufsfeuerwehr Wiesbaden, die Stadtbrandinspektoren Uwe Waldaestel sowie Lorenz Grebner sowie den Kostheimer Ortsvorsteher Stephan Lauer.<\/p>\n\n\n\n<p class=\"wp-block-paragraph\">Nach den Gru\u00dfworten seitens der G\u00e4ste, gab es durch die Berichte der Verantwortlichen einen umfangeichen Einblick in die drei aktiven Abteilungen. Bei den Aktiven sorgt die Aus- und Fortbildung f\u00fcr den gr\u00f6\u00dften Anteil der geleisteten 7000 Stunden im Jahr 2023. Gut 2000 Stunden erforderten die sich im vergangenen Jahr ereigneten Eins\u00e4tze. Zu den 106 Eins\u00e4tzen z\u00e4hlten neben einer Vielzahl von Br\u00e4nden unterschiedlichen Ausma\u00dfes, Hilfeleistungen nach Unwettern oder bei Wasserrettungseins\u00e4tzen auch der Aufbau- und Abbau der Hochwasserschutzw\u00e4nde. Ein Aufbau, der jeweils mehrere Stunden in Anspruch genommen hat, erfolgte am Vormittag des Heiligen Abends, an dem die weihnachtlichen Vorbereitungen in den Familien der Kameradinnen und Kameraden nicht unwesentlich umgeplant werden mussten.<\/p>\n\n\n\n<p class=\"wp-block-paragraph\">Die Berichte der Nachwuchsbetreuer verdeutlichten die ebenfalls intensive Arbeit, die man im Bereich der Nachwuchsf\u00f6rderung  leistet. So konnten man nicht nur die Mitgliederzahlen der Bambini- und Jugendfeuerwehr leicht ausbauen, sondern auch Mitglieder in die jeweils n\u00e4chst h\u00f6here Abteilung &#8211; bis hin zur Einsatzabteilung &#8211; \u00fcberleiten.<\/p>\n\n\n\n<figure class=\"wp-block-image alignright size-large\"><img decoding=\"async\" src=\"https:\/\/live.staticflickr.com\/65535\/53598761857_36da862cf6_n.jpg\" alt=\"\"\/><\/figure>\n\n\n\n<p class=\"wp-block-paragraph\">Unter dem Punkt Verschiedenes sprach der Wehrf\u00fchrer zudem noch eine heikle Entwicklung im Stra\u00dfenverkehr Kostheims an. Nach einer j\u00fcngst durchgef\u00fchrten Verwarnaktion der Ordnungsbeh\u00f6rde, bei denen Fahrzeughalter, deren Fahrzeug teils auf dem Gehweg abgestellt waren, mit einem Kn\u00f6llchen bedacht wurden, kommt es nun zu massiven Behinderungen in den Stra\u00dfen Kostheims. Da die Halter nun ihre Fahrzeuge komplett auf der Stra\u00dfe parken, wird derzeit an vielen Stellen nicht mehr die durch die Stra\u00dfenverkehrsordnung vorgegebene Mindestdurchfahrbreite von 3,05 Meter eingehalten. Ein Durchkommen der Einsatzfahrzeugen ist dadurch massiv behindert. Im Ernstfall m\u00fcsste die Feuerwehr ihr Einsatzfahrzeug weit entfernt von der eigentlichen Einsatzstelle abstellen und den Rest zu Fu\u00df zur\u00fccklegen. Wichtige Zeit, die nicht nur bei Gef\u00e4hrdung von Menschenleben sehr kostbar ist, geht dadurch verloren.<\/p>\n\n\n\n<p class=\"wp-block-paragraph\">Nach der Versammlung der \u00f6ffentlich-rechtlichen Abteilung schloss sich mit einer kurzen Pause noch die Mitgliederversammlung des Vereins &#8220;Freiwillige Feuerwehr Kostheim 1874 e.V.&#8221; an. Die anwesenden Mitglieder bekamen ebenfalls einen umfassenden einen Einblick in die T\u00e4tigkeiten das vergangenen Jahres sowie einen Ausblick auf das anstehende Jubil\u00e4umsjahr mit seinen geplanten Veranstaltungen. Eine konstante Mitgliederzahl sowie ein positiver Kassenbericht waren weitere Kernpunkte der Berichterstattung.<\/p>\n\n\n\n<p class=\"wp-block-paragraph\">Bevor f\u00fcr die Feuerwehr das sehr kurze Restwochenende am Sonntagnachmittag beginnen konnte, wurde im B\u00fcrgerhaus alles wieder zur\u00fcck gebaut und aufger\u00e4umt. <\/p>\n\n\n\n<div style=\"height:100px\" aria-hidden=\"true\" class=\"wp-block-spacer\"><\/div>\n\n\n\n<p class=\"wp-block-paragraph\">                    <div class=\"flicgal-gallery-wrapper gallery-7799\">\n                                                    <h3 class=\"flicgal-title\">Veranstaltungswochenende &#8211; 14.-16.03.24<\/h3>\n                                                <div class=\"flicgal-gallery-container-wrapper\">\n                            <div class=\"flicgal-spinner-wrapper\">\n                                <div class=\"flicgal-loading-img\"><img decoding=\"async\" src=\"https:\/\/www.feuerwehrkostheim.de\/wp-content\/plugins\/flickr-album-gallery\/img\/loading.gif\" \/><\/div>\n                            <\/div>\n                            <div class=\"flicgal-gallery-container\"><\/div>\n                        <\/div>\n                        <!-- Blueimp gallery -->\n                        <div id=\"blueimp-gallery-7799\" class=\"blueimp-gallery blueimp-gallery-controls\">\n                            <div class=\"slides\"><\/div>\n                            <h3 class=\"title\"><\/h3>\n                            <a class=\"prev\"><\/a>\n                            <a class=\"next\"><\/a>\n                            <a class=\"close\"><\/a>\n                            <a class=\"play-pause\"><\/a>\n                            <ol class=\"indicator\"><\/ol>\n                        <\/div>\n                    <\/div>\n                    \n            <\/p>\n","protected":false},"excerpt":{"rendered":"<p>Das dritte M\u00e4rzwochenende hatte es f\u00fcr die Kameradinnen und Kameraden der Kostheimer Feuerwehr richtig in sich. Zwar mussten keine Eins\u00e4tze abgearbeitet werden, dennoch war man von Freitag bis einschlie\u00dflich Sonntag umfangreich gefordert. Aufbau der Osterkronen Freitagnachmittag unterst\u00fctze die Einsatzabteilung den Landfrauenverein, die auch in diesem Jahr wieder den Wiener Platz sowie den Vorplatz der Ortverwaltung [&hellip;]<\/p>\n","protected":false},"author":4,"featured_media":0,"comment_status":"closed","ping_status":"open","sticky":false,"template":"","format":"standard","meta":{"_et_pb_use_builder":"","_et_pb_old_content":"","_et_gb_content_width":"","_crdt_document":"","footnotes":""},"categories":[1,3,4,7,9,10],"tags":[1198,706,1712,191,939,1105,1711,1710],"class_list":["post-7798","post","type-post","status-publish","format-standard","hentry","category-allgemein","category-bambinifeuerwehr","category-einsatzabteilung","category-jugendfeuerwehr","category-veranstaltungen","category-verein","tag-aufbau","tag-buergerhaus","tag-delegiertentag","tag-jahreshauptversammlung","tag-mitgliederversammlung","tag-osterkrone","tag-veranstaltungen","tag-wochenende"],"_links":{"self":[{"href":"https:\/\/www.feuerwehrkostheim.de\/index.php?rest_route=\/wp\/v2\/posts\/7798","targetHints":{"allow":["GET"]}}],"collection":[{"href":"https:\/\/www.feuerwehrkostheim.de\/index.php?rest_route=\/wp\/v2\/posts"}],"about":[{"href":"https:\/\/www.feuerwehrkostheim.de\/index.php?rest_route=\/wp\/v2\/types\/post"}],"author":[{"embeddable":true,"href":"https:\/\/www.feuerwehrkostheim.de\/index.php?rest_route=\/wp\/v2\/users\/4"}],"replies":[{"embeddable":true,"href":"https:\/\/www.feuerwehrkostheim.de\/index.php?rest_route=%2Fwp%2Fv2%2Fcomments&post=7798"}],"version-history":[{"count":4,"href":"https:\/\/www.feuerwehrkostheim.de\/index.php?rest_route=\/wp\/v2\/posts\/7798\/revisions"}],"predecessor-version":[{"id":7807,"href":"https:\/\/www.feuerwehrkostheim.de\/index.php?rest_route=\/wp\/v2\/posts\/7798\/revisions\/7807"}],"wp:attachment":[{"href":"https:\/\/www.feuerwehrkostheim.de\/index.php?rest_route=%2Fwp%2Fv2%2Fmedia&parent=7798"}],"wp:term":[{"taxonomy":"category","embeddable":true,"href":"https:\/\/www.feuerwehrkostheim.de\/index.php?rest_route=%2Fwp%2Fv2%2Fcategories&post=7798"},{"taxonomy":"post_tag","embeddable":true,"href":"https:\/\/www.feuerwehrkostheim.de\/index.php?rest_route=%2Fwp%2Fv2%2Ftags&post=7798"}],"curies":[{"name":"wp","href":"https:\/\/api.w.org\/{rel}","templated":true}]}}