{"id":7795,"date":"2024-03-12T13:01:25","date_gmt":"2024-03-12T12:01:25","guid":{"rendered":"https:\/\/www.feuerwehrkostheim.de\/?p=7795"},"modified":"2024-03-12T13:01:27","modified_gmt":"2024-03-12T12:01:27","slug":"verdacht-auf-gartenhausbrand","status":"publish","type":"post","link":"https:\/\/www.feuerwehrkostheim.de\/?p=7795","title":{"rendered":"Verdacht auf Gartenhausbrand"},"content":{"rendered":"\n<figure class=\"wp-block-image alignright size-large is-resized\"><img loading=\"lazy\" decoding=\"async\" width=\"768\" height=\"1024\" src=\"https:\/\/www.feuerwehrkostheim.de\/wp-content\/uploads\/2024\/03\/2024-03-11-Gartenfeuer-768x1024.jpg\" alt=\"\" class=\"wp-image-7794\" style=\"width:257px;height:auto\"\/><\/figure>\n\n\n\n<p class=\"wp-block-paragraph\"><strong>&#x1f6a8; 18 \/ 2024<br>&#x1f4c5; 11.03.24 \u2013 &#x1f556; 22:32 Uhr<\/strong><br> &#x1f4cd;  Zur Wei\u00dferd<br>&#x1f4df; F1 &#8211; L-WASSER<br>&#x26a0;&#xfe0f; Verdacht Gartenhausbrand<\/p>\n\n\n\n<p class=\"wp-block-paragraph\">Am Montagabend musste die Kostheimer Feuerwehr zusammen mit den Kollegen der Berufsfeuerwehr in den Osten Kostheims ausr\u00fccken, da von dort ein Feuerschein sowie eine Rauchentwicklung gemeldet wurde. Beim Eintreffen des Kostheimer L\u00f6schfahrzeuges konnte der Rauch im Bereich &#8220;Zur Wei\u00dferd&#8221; best\u00e4tigt werden. Auf der Suche nach der Ursache war man schnell in den angrenzenden Kleing\u00e4rten f\u00fcndig geworden. Ein Gartenbesitzer verbrannte nassen Gr\u00fcnschnitt, wodurch sich der aufsteigende Rauch in der N\u00e4heren Umgebung verteilte. Die Feuerwehr konnte somit den Einsatz abbrechen und wieder einr\u00fccken. Der Besitzer l\u00f6schte sein beaufsichtigtes Feuer eigenst\u00e4ndig ab.<\/p>\n","protected":false},"excerpt":{"rendered":"<p>&#x1f6a8; 18 \/ 2024&#x1f4c5; 11.03.24 \u2013 &#x1f556; 22:32 Uhr &#x1f4cd; Zur Wei\u00dferd&#x1f4df; F1 &#8211; L-WASSER&#x26a0;&#xfe0f; Verdacht Gartenhausbrand Am Montagabend musste die Kostheimer Feuerwehr zusammen mit den Kollegen der Berufsfeuerwehr in den Osten Kostheims ausr\u00fccken, da von dort ein Feuerschein sowie eine Rauchentwicklung gemeldet wurde. Beim Eintreffen des Kostheimer L\u00f6schfahrzeuges konnte der Rauch im Bereich &#8220;Zur [&hellip;]<\/p>\n","protected":false},"author":1,"featured_media":0,"comment_status":"closed","ping_status":"open","sticky":false,"template":"","format":"standard","meta":{"_et_pb_use_builder":"","_et_pb_old_content":"","_et_gb_content_width":"","_crdt_document":"","footnotes":""},"categories":[4,5],"tags":[112,1342,261,324,321,111],"class_list":["post-7795","post","type-post","status-publish","format-standard","hentry","category-einsatzabteilung","category-einsatze","tag-brandverdacht","tag-f1l-wasser","tag-feuerschein","tag-gartenhaus","tag-gartenhausbrand","tag-rauchentwicklung"],"_links":{"self":[{"href":"https:\/\/www.feuerwehrkostheim.de\/index.php?rest_route=\/wp\/v2\/posts\/7795","targetHints":{"allow":["GET"]}}],"collection":[{"href":"https:\/\/www.feuerwehrkostheim.de\/index.php?rest_route=\/wp\/v2\/posts"}],"about":[{"href":"https:\/\/www.feuerwehrkostheim.de\/index.php?rest_route=\/wp\/v2\/types\/post"}],"author":[{"embeddable":true,"href":"https:\/\/www.feuerwehrkostheim.de\/index.php?rest_route=\/wp\/v2\/users\/1"}],"replies":[{"embeddable":true,"href":"https:\/\/www.feuerwehrkostheim.de\/index.php?rest_route=%2Fwp%2Fv2%2Fcomments&post=7795"}],"version-history":[{"count":1,"href":"https:\/\/www.feuerwehrkostheim.de\/index.php?rest_route=\/wp\/v2\/posts\/7795\/revisions"}],"predecessor-version":[{"id":7796,"href":"https:\/\/www.feuerwehrkostheim.de\/index.php?rest_route=\/wp\/v2\/posts\/7795\/revisions\/7796"}],"wp:attachment":[{"href":"https:\/\/www.feuerwehrkostheim.de\/index.php?rest_route=%2Fwp%2Fv2%2Fmedia&parent=7795"}],"wp:term":[{"taxonomy":"category","embeddable":true,"href":"https:\/\/www.feuerwehrkostheim.de\/index.php?rest_route=%2Fwp%2Fv2%2Fcategories&post=7795"},{"taxonomy":"post_tag","embeddable":true,"href":"https:\/\/www.feuerwehrkostheim.de\/index.php?rest_route=%2Fwp%2Fv2%2Ftags&post=7795"}],"curies":[{"name":"wp","href":"https:\/\/api.w.org\/{rel}","templated":true}]}}