{"id":7780,"date":"2024-02-29T13:10:40","date_gmt":"2024-02-29T12:10:40","guid":{"rendered":"https:\/\/www.feuerwehrkostheim.de\/?p=7780"},"modified":"2024-02-29T13:12:10","modified_gmt":"2024-02-29T12:12:10","slug":"fahrzeug-ueberschlaegt-sich","status":"publish","type":"post","link":"https:\/\/www.feuerwehrkostheim.de\/?p=7780","title":{"rendered":"Fahrzeug \u00fcberschl\u00e4gt sich"},"content":{"rendered":"\n<figure class=\"wp-block-image alignright size-large is-resized\"><img loading=\"lazy\" decoding=\"async\" width=\"1024\" height=\"768\" src=\"https:\/\/www.feuerwehrkostheim.de\/wp-content\/uploads\/2024\/02\/2024-02-27-VU-2-2-1024x768.jpg\" alt=\"\" class=\"wp-image-7779\" style=\"width:419px;height:auto\" srcset=\"https:\/\/www.feuerwehrkostheim.de\/wp-content\/uploads\/2024\/02\/2024-02-27-VU-2-2-980x735.jpg 980w, https:\/\/www.feuerwehrkostheim.de\/wp-content\/uploads\/2024\/02\/2024-02-27-VU-2-2-480x360.jpg 480w\" sizes=\"(min-width: 0px) and (max-width: 480px) 480px, (min-width: 481px) and (max-width: 980px) 980px, (min-width: 981px) 1024px, 100vw\" \/><\/figure>\n\n\n\n<p class=\"wp-block-paragraph\"><strong>&#x1f6a8; 16 \/ 2024<br>&#x1f4c5; 27.02.24 \u2013 &#x1f556; 18:37 Uhr<\/strong><br>&#x1f4cd; Hochheimer Stra\u00dfe<br>&#x1f4df; H KLEMM 1 Y<br>&#x26a0;&#xfe0f; PKW \u00fcberschlagen<\/p>\n\n\n\n<p class=\"wp-block-paragraph\">Am Dienstagabend ereignete sich auf der Hochheimer Stra\u00dfe ein Verkehrsunfall, bei dem ein Fahrzeug \u00fcberschlagen hatte und auf dem Dach zum Liegen kam. Der anf\u00e4ngliche Verdacht auf eingeschlossene Personen f\u00fchrte zu einem gr\u00f6\u00dferen Einsatz von Feuerwehr und Rettungsdienst. Beim Eintreffen vor Ort war der Fahrer des auf dem Dach liegenden PKW\u00b4s bereits aus seinem Fahrzeug geklettert und musste nicht durch die Feuerwehr befreit werden. Ein weiterer, am Unfall beteiligter PKW, kam nach rechts von der Fahrbahn ab und touchierte dort geparkte Fahrzeuge. W\u00e4hrend sich der Rettungsdienst um die Fahrzeuginsassen k\u00fcmmerte und alle vor Ort durchcheckte, sicherte die Feuerwehr die Unfallstelle ab und kontrollierte, dass keine Betriebsstoffe aus den Unfallfahrzeugen austrat. Nach etwa einer halben Stunde konnte der Einsatz f\u00fcr die Feuerwehr beendet werden. Die Hochheimer Stra\u00dfe war bis zum Abschluss der Bergungsarbeiten in eine Fahrtrichtung voll gesperrt.<\/p>\n","protected":false},"excerpt":{"rendered":"<p>&#x1f6a8; 16 \/ 2024&#x1f4c5; 27.02.24 \u2013 &#x1f556; 18:37 Uhr&#x1f4cd; Hochheimer Stra\u00dfe&#x1f4df; H KLEMM 1 Y&#x26a0;&#xfe0f; PKW \u00fcberschlagen Am Dienstagabend ereignete sich auf der Hochheimer Stra\u00dfe ein Verkehrsunfall, bei dem ein Fahrzeug \u00fcberschlagen hatte und auf dem Dach zum Liegen kam. Der anf\u00e4ngliche Verdacht auf eingeschlossene Personen f\u00fchrte zu einem gr\u00f6\u00dferen Einsatz von Feuerwehr und Rettungsdienst. [&hellip;]<\/p>\n","protected":false},"author":1,"featured_media":0,"comment_status":"closed","ping_status":"open","sticky":false,"template":"","format":"standard","meta":{"_et_pb_use_builder":"off","_et_pb_old_content":"","_et_gb_content_width":"","_crdt_document":"","footnotes":""},"categories":[4,5],"tags":[404,1372,1096,1709,76,71],"class_list":["post-7780","post","type-post","status-publish","format-standard","hentry","category-einsatzabteilung","category-einsatze","tag-hilfeleistung","tag-hklemm1y","tag-personen","tag-ueberschlagen","tag-unfall","tag-verkehrsunfall"],"_links":{"self":[{"href":"https:\/\/www.feuerwehrkostheim.de\/index.php?rest_route=\/wp\/v2\/posts\/7780","targetHints":{"allow":["GET"]}}],"collection":[{"href":"https:\/\/www.feuerwehrkostheim.de\/index.php?rest_route=\/wp\/v2\/posts"}],"about":[{"href":"https:\/\/www.feuerwehrkostheim.de\/index.php?rest_route=\/wp\/v2\/types\/post"}],"author":[{"embeddable":true,"href":"https:\/\/www.feuerwehrkostheim.de\/index.php?rest_route=\/wp\/v2\/users\/1"}],"replies":[{"embeddable":true,"href":"https:\/\/www.feuerwehrkostheim.de\/index.php?rest_route=%2Fwp%2Fv2%2Fcomments&post=7780"}],"version-history":[{"count":2,"href":"https:\/\/www.feuerwehrkostheim.de\/index.php?rest_route=\/wp\/v2\/posts\/7780\/revisions"}],"predecessor-version":[{"id":7782,"href":"https:\/\/www.feuerwehrkostheim.de\/index.php?rest_route=\/wp\/v2\/posts\/7780\/revisions\/7782"}],"wp:attachment":[{"href":"https:\/\/www.feuerwehrkostheim.de\/index.php?rest_route=%2Fwp%2Fv2%2Fmedia&parent=7780"}],"wp:term":[{"taxonomy":"category","embeddable":true,"href":"https:\/\/www.feuerwehrkostheim.de\/index.php?rest_route=%2Fwp%2Fv2%2Fcategories&post=7780"},{"taxonomy":"post_tag","embeddable":true,"href":"https:\/\/www.feuerwehrkostheim.de\/index.php?rest_route=%2Fwp%2Fv2%2Ftags&post=7780"}],"curies":[{"name":"wp","href":"https:\/\/api.w.org\/{rel}","templated":true}]}}