{"id":7772,"date":"2024-02-26T18:50:01","date_gmt":"2024-02-26T17:50:01","guid":{"rendered":"https:\/\/www.feuerwehrkostheim.de\/?p=7772"},"modified":"2024-03-20T15:44:54","modified_gmt":"2024-03-20T14:44:54","slug":"mitgliederversammlung-des-feuerwehrvereins-2","status":"publish","type":"post","link":"https:\/\/www.feuerwehrkostheim.de\/?p=7772","title":{"rendered":"Mitgliederversammlung des Feuerwehrvereins"},"content":{"rendered":"\n<figure class=\"wp-block-image alignright size-full is-resized\"><a href=\"https:\/\/www.feuerwehrkostheim.de\/wp-content\/uploads\/2024\/03\/2024-02-10-Einladung-MV-Verein-Internet.pdf\" target=\"_blank\" rel=\"noreferrer noopener\"><img loading=\"lazy\" decoding=\"async\" width=\"664\" height=\"936\" src=\"https:\/\/www.feuerwehrkostheim.de\/wp-content\/uploads\/2024\/03\/Einladung-MV-Verein.png\" alt=\"\" class=\"wp-image-7785\" style=\"width:208px;height:auto\" srcset=\"https:\/\/www.feuerwehrkostheim.de\/wp-content\/uploads\/2024\/03\/Einladung-MV-Verein.png 664w, https:\/\/www.feuerwehrkostheim.de\/wp-content\/uploads\/2024\/03\/Einladung-MV-Verein-480x677.png 480w\" sizes=\"(min-width: 0px) and (max-width: 480px) 480px, (min-width: 481px) 664px, 100vw\" \/><\/a><\/figure>\n\n\n\n<p class=\"wp-block-paragraph\">Die Kostheimer Feuerwehr l\u00e4dt ihre Mitglieder des F\u00f6rdervereins \u201eFreiwillige Feuerwehr Kostheim 1874 e.V.\u201c zu der diesj\u00e4hrigen Jahreshauptversammlung ein.<\/p>\n\n\n\n<p class=\"wp-block-paragraph\">Die Mitgliederversammlung findet am&nbsp;<strong>Sonntag, den 17. M\u00e4rz 2024 um 10:30 Uhr<\/strong>&nbsp;im&nbsp;<strong>B\u00fcrgerhaus <\/strong><strong>Kostheim , Winterstra\u00dfe 20,<\/strong>&nbsp;statt.<\/p>\n\n\n\n<p class=\"wp-block-paragraph\">Die vom Vorstand verfasste Einladung samt Tagesordnung kann \u00fcber diesen Beitrag angesehen und im PDF-Format heruntergeladen werden.<\/p>\n\n\n\n<p class=\"wp-block-paragraph\">Neben der Versammlung f\u00fcr den Verein Feuerwehr Kostheim, findet an diesem Sonntag auch die Jahreshauptversammlung des \u00f6ffentlich-rechtlichen Teils der Kostheimer Wehr \u2013 die Einsatzabteilung \u2013 statt.<\/p>\n","protected":false},"excerpt":{"rendered":"<p>Die Kostheimer Feuerwehr l\u00e4dt ihre Mitglieder des F\u00f6rdervereins \u201eFreiwillige Feuerwehr Kostheim 1874 e.V.\u201c zu der diesj\u00e4hrigen Jahreshauptversammlung ein. Die Mitgliederversammlung findet am&nbsp;Sonntag, den 17. M\u00e4rz 2024 um 10:30 Uhr&nbsp;im&nbsp;B\u00fcrgerhaus Kostheim , Winterstra\u00dfe 20,&nbsp;statt. Die vom Vorstand verfasste Einladung samt Tagesordnung kann \u00fcber diesen Beitrag angesehen und im PDF-Format heruntergeladen werden. Neben der Versammlung f\u00fcr den [&hellip;]<\/p>\n","protected":false},"author":1,"featured_media":0,"comment_status":"closed","ping_status":"open","sticky":false,"template":"","format":"standard","meta":{"_et_pb_use_builder":"","_et_pb_old_content":"","_et_gb_content_width":"","_crdt_document":"","footnotes":""},"categories":[9,10],"tags":[191,939],"class_list":["post-7772","post","type-post","status-publish","format-standard","hentry","category-veranstaltungen","category-verein","tag-jahreshauptversammlung","tag-mitgliederversammlung"],"_links":{"self":[{"href":"https:\/\/www.feuerwehrkostheim.de\/index.php?rest_route=\/wp\/v2\/posts\/7772","targetHints":{"allow":["GET"]}}],"collection":[{"href":"https:\/\/www.feuerwehrkostheim.de\/index.php?rest_route=\/wp\/v2\/posts"}],"about":[{"href":"https:\/\/www.feuerwehrkostheim.de\/index.php?rest_route=\/wp\/v2\/types\/post"}],"author":[{"embeddable":true,"href":"https:\/\/www.feuerwehrkostheim.de\/index.php?rest_route=\/wp\/v2\/users\/1"}],"replies":[{"embeddable":true,"href":"https:\/\/www.feuerwehrkostheim.de\/index.php?rest_route=%2Fwp%2Fv2%2Fcomments&post=7772"}],"version-history":[{"count":3,"href":"https:\/\/www.feuerwehrkostheim.de\/index.php?rest_route=\/wp\/v2\/posts\/7772\/revisions"}],"predecessor-version":[{"id":7789,"href":"https:\/\/www.feuerwehrkostheim.de\/index.php?rest_route=\/wp\/v2\/posts\/7772\/revisions\/7789"}],"wp:attachment":[{"href":"https:\/\/www.feuerwehrkostheim.de\/index.php?rest_route=%2Fwp%2Fv2%2Fmedia&parent=7772"}],"wp:term":[{"taxonomy":"category","embeddable":true,"href":"https:\/\/www.feuerwehrkostheim.de\/index.php?rest_route=%2Fwp%2Fv2%2Fcategories&post=7772"},{"taxonomy":"post_tag","embeddable":true,"href":"https:\/\/www.feuerwehrkostheim.de\/index.php?rest_route=%2Fwp%2Fv2%2Ftags&post=7772"}],"curies":[{"name":"wp","href":"https:\/\/api.w.org\/{rel}","templated":true}]}}