{"id":7769,"date":"2024-02-26T17:57:20","date_gmt":"2024-02-26T16:57:20","guid":{"rendered":"https:\/\/www.feuerwehrkostheim.de\/?p=7769"},"modified":"2024-02-26T17:57:20","modified_gmt":"2024-02-26T16:57:20","slug":"lkw-unfall-auf-der-autobahn-671","status":"publish","type":"post","link":"https:\/\/www.feuerwehrkostheim.de\/?p=7769","title":{"rendered":"LKW-Unfall auf der Autobahn 671"},"content":{"rendered":"\n<p class=\"wp-block-paragraph\"><strong>&#x1f6a8; 15 \/ 2024<br>&#x1f4c5; 26.02.24 \u2013 &#x1f556; 12:47 Uhr<\/strong><br>&#x1f4cd;BAB671<br>&#x1f4df; H KLEMM 1 Y<br>&#x26a0;&#xfe0f; VU mit LKW<\/p>\n\n\n\n<p class=\"wp-block-paragraph\">Ein gemeldeter Verkehrsunfall mit einem LKW und vermeintlich eingeklemmten Personen sorgte am Montag zu einem Feuerwehreinsatz auf der BAB 671, zu dem auch die Feuerwehr Kostheim alarmiert wurde. Nach Eintreffen der ersten Kr\u00e4fte ergab die Erkundung, dass es sich um einen Alleinunfall eines LKW im Bereich der Abfahrt Hochheim S\u00fcd handelte und niemand eingeschlossen oder gar eingeklemmt war. Schon kurze Zeit sp\u00e4ter r\u00fcckte das Kostheimer L\u00f6schfahrzeug wieder ein.<\/p>\n","protected":false},"excerpt":{"rendered":"<p>&#x1f6a8; 15 \/ 2024&#x1f4c5; 26.02.24 \u2013 &#x1f556; 12:47 Uhr&#x1f4cd;BAB671&#x1f4df; H KLEMM 1 Y&#x26a0;&#xfe0f; VU mit LKW Ein gemeldeter Verkehrsunfall mit einem LKW und vermeintlich eingeklemmten Personen sorgte am Montag zu einem Feuerwehreinsatz auf der BAB 671, zu dem auch die Feuerwehr Kostheim alarmiert wurde. Nach Eintreffen der ersten Kr\u00e4fte ergab die Erkundung, dass es sich [&hellip;]<\/p>\n","protected":false},"author":1,"featured_media":0,"comment_status":"closed","ping_status":"open","sticky":false,"template":"","format":"standard","meta":{"_et_pb_use_builder":"off","_et_pb_old_content":"","_et_gb_content_width":"","_crdt_document":"","footnotes":""},"categories":[4,5],"tags":[110,1148,404,1372,71,70],"class_list":["post-7769","post","type-post","status-publish","format-standard","hentry","category-einsatzabteilung","category-einsatze","tag-alarmgruppe","tag-alleinunfall","tag-hilfeleistung","tag-hklemm1y","tag-verkehrsunfall","tag-vu"],"_links":{"self":[{"href":"https:\/\/www.feuerwehrkostheim.de\/index.php?rest_route=\/wp\/v2\/posts\/7769","targetHints":{"allow":["GET"]}}],"collection":[{"href":"https:\/\/www.feuerwehrkostheim.de\/index.php?rest_route=\/wp\/v2\/posts"}],"about":[{"href":"https:\/\/www.feuerwehrkostheim.de\/index.php?rest_route=\/wp\/v2\/types\/post"}],"author":[{"embeddable":true,"href":"https:\/\/www.feuerwehrkostheim.de\/index.php?rest_route=\/wp\/v2\/users\/1"}],"replies":[{"embeddable":true,"href":"https:\/\/www.feuerwehrkostheim.de\/index.php?rest_route=%2Fwp%2Fv2%2Fcomments&post=7769"}],"version-history":[{"count":1,"href":"https:\/\/www.feuerwehrkostheim.de\/index.php?rest_route=\/wp\/v2\/posts\/7769\/revisions"}],"predecessor-version":[{"id":7771,"href":"https:\/\/www.feuerwehrkostheim.de\/index.php?rest_route=\/wp\/v2\/posts\/7769\/revisions\/7771"}],"wp:attachment":[{"href":"https:\/\/www.feuerwehrkostheim.de\/index.php?rest_route=%2Fwp%2Fv2%2Fmedia&parent=7769"}],"wp:term":[{"taxonomy":"category","embeddable":true,"href":"https:\/\/www.feuerwehrkostheim.de\/index.php?rest_route=%2Fwp%2Fv2%2Fcategories&post=7769"},{"taxonomy":"post_tag","embeddable":true,"href":"https:\/\/www.feuerwehrkostheim.de\/index.php?rest_route=%2Fwp%2Fv2%2Ftags&post=7769"}],"curies":[{"name":"wp","href":"https:\/\/api.w.org\/{rel}","templated":true}]}}