{"id":7751,"date":"2024-01-28T21:37:00","date_gmt":"2024-01-28T20:37:00","guid":{"rendered":"https:\/\/www.feuerwehrkostheim.de\/?p=7751"},"modified":"2024-01-29T12:08:02","modified_gmt":"2024-01-29T11:08:02","slug":"brandverdacht-fuehrt-zu-feuerwehreinsatz","status":"publish","type":"post","link":"https:\/\/www.feuerwehrkostheim.de\/?p=7751","title":{"rendered":"Brandverdacht f\u00fchrt zu Feuerwehreinsatz"},"content":{"rendered":"\n<figure class=\"wp-block-image alignright size-large is-resized\"><a href=\"https:\/\/www.feuerwehrkostheim.de\/wp-content\/uploads\/2024\/01\/2024-01-28-02-scaled.jpg\"><img loading=\"lazy\" decoding=\"async\" width=\"1024\" height=\"768\" src=\"https:\/\/www.feuerwehrkostheim.de\/wp-content\/uploads\/2024\/01\/2024-01-28-02-1024x768.jpg\" alt=\"\" class=\"wp-image-7750\" style=\"width:395px;height:auto\" srcset=\"https:\/\/www.feuerwehrkostheim.de\/wp-content\/uploads\/2024\/01\/2024-01-28-02-980x735.jpg 980w, https:\/\/www.feuerwehrkostheim.de\/wp-content\/uploads\/2024\/01\/2024-01-28-02-480x360.jpg 480w\" sizes=\"(min-width: 0px) and (max-width: 480px) 480px, (min-width: 481px) and (max-width: 980px) 980px, (min-width: 981px) 1024px, 100vw\" \/><\/a><\/figure>\n\n\n\n<p class=\"wp-block-paragraph\"><strong>&#x1f6a8; 12 \/ 2024<br>&#x1f4c5; 28.01.24 \u2013 &#x1f556; 17:05 Uhr<\/strong><br>&#x1f4cd;Hochheimer Stra\u00dfe<br>&#x1f4df; F 2<br>&#x26a0;&#xfe0f; Rauch aus Fenster<\/p>\n\n\n\n<p class=\"wp-block-paragraph\">Nur wenige Stunden nach Ende des n\u00e4chtlichen Einsatzes wurde die Kostheimer Wehr am fr\u00fchen Sonntagabend erneut alarmiert. Gemeinsam mit dem L\u00f6schzug der Feuerwache 2 steuerte man den Einsatzort in der Hochheimer Stra\u00dfe an. Beim Eintreffen des ersten L\u00f6schfahrzeuges konnten die Kameraden  eine leichte Rauchentwicklung aus einem Fenster eines Mehrfamilienhauses best\u00e4tigt werden. Ein Trupp unter Atemschutz erkundete die betroffene Wohnung und konnte letztendlich eingebranntes Kochgut als Ursache f\u00fcr den Rauch feststellen. Bevor die Feuerwehr wieder abr\u00fccken konnte, bel\u00fcftete man noch die betroffenen R\u00e4ume der Wohnung. <\/p>\n","protected":false},"excerpt":{"rendered":"<p>&#x1f6a8; 12 \/ 2024&#x1f4c5; 28.01.24 \u2013 &#x1f556; 17:05 Uhr&#x1f4cd;Hochheimer Stra\u00dfe&#x1f4df; F 2&#x26a0;&#xfe0f; Rauch aus Fenster Nur wenige Stunden nach Ende des n\u00e4chtlichen Einsatzes wurde die Kostheimer Wehr am fr\u00fchen Sonntagabend erneut alarmiert. Gemeinsam mit dem L\u00f6schzug der Feuerwache 2 steuerte man den Einsatzort in der Hochheimer Stra\u00dfe an. Beim Eintreffen des ersten L\u00f6schfahrzeuges konnten die [&hellip;]<\/p>\n","protected":false},"author":1,"featured_media":0,"comment_status":"closed","ping_status":"open","sticky":false,"template":"","format":"standard","meta":{"_et_pb_use_builder":"off","_et_pb_old_content":"","_et_gb_content_width":"","_crdt_document":"","footnotes":""},"categories":[4,5],"tags":[734,112,159,1499,111],"class_list":["post-7751","post","type-post","status-publish","format-standard","hentry","category-einsatzabteilung","category-einsatze","tag-belueftet","tag-brandverdacht","tag-kochgut","tag-loeschzug","tag-rauchentwicklung"],"_links":{"self":[{"href":"https:\/\/www.feuerwehrkostheim.de\/index.php?rest_route=\/wp\/v2\/posts\/7751","targetHints":{"allow":["GET"]}}],"collection":[{"href":"https:\/\/www.feuerwehrkostheim.de\/index.php?rest_route=\/wp\/v2\/posts"}],"about":[{"href":"https:\/\/www.feuerwehrkostheim.de\/index.php?rest_route=\/wp\/v2\/types\/post"}],"author":[{"embeddable":true,"href":"https:\/\/www.feuerwehrkostheim.de\/index.php?rest_route=\/wp\/v2\/users\/1"}],"replies":[{"embeddable":true,"href":"https:\/\/www.feuerwehrkostheim.de\/index.php?rest_route=%2Fwp%2Fv2%2Fcomments&post=7751"}],"version-history":[{"count":4,"href":"https:\/\/www.feuerwehrkostheim.de\/index.php?rest_route=\/wp\/v2\/posts\/7751\/revisions"}],"predecessor-version":[{"id":7755,"href":"https:\/\/www.feuerwehrkostheim.de\/index.php?rest_route=\/wp\/v2\/posts\/7751\/revisions\/7755"}],"wp:attachment":[{"href":"https:\/\/www.feuerwehrkostheim.de\/index.php?rest_route=%2Fwp%2Fv2%2Fmedia&parent=7751"}],"wp:term":[{"taxonomy":"category","embeddable":true,"href":"https:\/\/www.feuerwehrkostheim.de\/index.php?rest_route=%2Fwp%2Fv2%2Fcategories&post=7751"},{"taxonomy":"post_tag","embeddable":true,"href":"https:\/\/www.feuerwehrkostheim.de\/index.php?rest_route=%2Fwp%2Fv2%2Ftags&post=7751"}],"curies":[{"name":"wp","href":"https:\/\/api.w.org\/{rel}","templated":true}]}}