{"id":7744,"date":"2024-01-28T14:04:05","date_gmt":"2024-01-28T13:04:05","guid":{"rendered":"https:\/\/www.feuerwehrkostheim.de\/?p=7744"},"modified":"2024-01-28T14:04:08","modified_gmt":"2024-01-28T13:04:08","slug":"feuer-greift-auf-holzhaus-ueber","status":"publish","type":"post","link":"https:\/\/www.feuerwehrkostheim.de\/?p=7744","title":{"rendered":"Feuer greift auf Holzhaus \u00fcber"},"content":{"rendered":"\n<figure class=\"wp-block-image alignright size-large is-resized\"><img decoding=\"async\" src=\"https:\/\/live.staticflickr.com\/65535\/53492975688_dcb78abd5f_w.jpg\" alt=\"\" style=\"width:248px;height:auto\"\/><\/figure>\n\n\n\n<p class=\"wp-block-paragraph\"><strong>&#x1f6a8; 11 \/ 2024<br>&#x1f4c5; 28.01.24 \u2013 &#x1f556; 03:39 Uhr<\/strong><br>&#x1f4cd;Steinern-Kreuz-Weg<br>&#x1f4df; F 2 Y<br>&#x26a0;&#xfe0f; Schuppen in Vollbrand<\/p>\n\n\n\n<p class=\"wp-block-paragraph\">Um 3:39 Uhr wurden die Kameraden der Kostheimer Wehr in der Nacht auf Sonntag unsanft durch die Alarmpager aus dem Schlaf gerissen. Gemeinsam mit dem L\u00f6schzug der Feuerwache 2 musste man in den Steinern-Kreuz-Weg ausr\u00fccken, da von dort ein in Vollbrand stehender Schuppen gemeldet wurde. Schon auf der Anfahrt \u00fcber die August-Lutz-Br\u00fccke war ein heller Feuerschein von den Kostheimer Kr\u00e4ften zu sehen.<\/p>\n\n\n\n<p class=\"wp-block-paragraph\">Beim Eintreffen an der Einsatzstelle stand der als Garage genutzte Anbau an einem in zweiter Reihe stehendem Einfamilienhaus bereits in hellem Feuerschein. Als problematisch stellte sich bei der Erkundung heraus, dass nicht nur der Anbau, sondern auch das direkt angrenzende Geb\u00e4ude \u00fcberwiegend aus Holz erbaut war. Die Flammen konnten sich somit schnell ausbreiten und hatten zum Zeitpunkt des Eintreffens bereits auf die Fassade \u00fcbergegriffen.<\/p>\n\n\n\n<figure class=\"wp-block-image size-large\"><img decoding=\"async\" src=\"https:\/\/live.staticflickr.com\/65535\/53492965413_9133ff6b96_c.jpg\" alt=\"\"\/><\/figure>\n\n\n\n<p class=\"wp-block-paragraph\">Umgehend begann man, das Feuer von zwei Seiten zu bek\u00e4mpfen. W\u00e4hrend sich die Kameraden des L\u00f6schzuges auf den vorderen Zugang konzertierten, bauten die Kostheimer Einsatzkr\u00e4fte mit Unterst\u00fctzung eines L\u00f6schfahrzeuges der Feuerwache 1 einen zweiten L\u00f6schangriff von der Grundst\u00fccksr\u00fcckseite auf. Hierzu musste zu Beginn die Wasserversorgung durch das Verlegen einer l\u00e4ngeren Schlauchleitung sichergestellt werden. Gl\u00fccklicherweise stellte sich heraus, dass sich keine Personen mehr im Geb\u00e4ude befanden und man sich aus Sicht der Feuerwehr voll und ganz auf die L\u00f6scharbeiten konzentrieren konnte. Diese wurden gr\u00f6\u00dftenteils durch Trupps unter Atemschutz durchgef\u00fchrt und hierbei insgesamt vier Strahlrohre vorgenommen. Nachdem das Feuer, welches sich zwischenzeitlich bis in den Spitzboden des Holzhauses ausgebreitet hatte unter Kontrolle war, starteten \u00e4u\u00dferst umfangreiche Nachl\u00f6scharbeiten. Um diese Sicher durchf\u00fchren zu k\u00f6nnen, brachte man die Drehleiter zur Sicherung des arbeiteten Feuerwehrmanns in Stellung und forderte eine Spezials\u00e4ge zus\u00e4tzlich an die Brandstelle nach. Gegen Absturz gesichert und unter schwerem Atemschutz konnten nun verschiedene Bereiche der ebenfalls aus Holz bestehenden Dachfl\u00e4chen ge\u00f6ffnet und mittels der W\u00e4rmebildkamera auf Glutnester kontrolliert werden.<\/p>\n\n\n<p><!--more--><\/p>\n\n\n<figure class=\"wp-block-image alignright size-large\"><img decoding=\"async\" src=\"https:\/\/live.staticflickr.com\/65535\/53493120434_a99be911d5_w.jpg\" alt=\"\"\/><\/figure>\n\n\n\n<p class=\"wp-block-paragraph\">Im weiteren Verlauf des Einsatzes forderte der Einsatzleiter neben dem Abrollbeh\u00e4lter Atemschutz und der Logistikgruppe (Versorgung der Einsatzkr\u00e4fte) auch noch die Freiwilligen Wehren Schierstein sowie Erbenheim nach, die zur Unterst\u00fctzung der Nachl\u00f6scharbeiten mit eingesetzt wurden.<\/p>\n\n\n\n<p class=\"wp-block-paragraph\">Nach insgesamt f\u00fcnf Stunden waren alle Glutnester abgel\u00f6scht und die betroffenen Bereiche intensiv kontrolliert, sodass mit dem R\u00fcckbau begonnen werden konnte. Siebeneinhalb Stunden nach Alarmierung waren die Kostheimer Kameraden mit ihren umfangreichen Aufr\u00fcstarbeiten beider L\u00f6schfahrzeuge fertig und wieder einsatzbereit am Feuerwehrger\u00e4tehaus eingetroffen.<\/p>\n\n\n\n<p class=\"wp-block-paragraph\">Durch den deutlichen Temperaturabfall in den fr\u00fchen Morgenstunden, musste speziell bei den L\u00f6sch- und Aufr\u00e4umarbeiten auf m\u00f6gliche Unfallgefahren durch Eisgl\u00e4tte geachtet werden.<\/p>\n\n\n\n<p class=\"wp-block-paragraph\">Seitens der Berufsfeuerwehr wird im Laufe des Tages noch einmal eine Brandnachschau durchgef\u00fchrt. Die Schadensh\u00f6he sowie eine Brandursache k\u00f6nnen zum Zeitpunkt des Einsatzes nicht bestimmt werden. Die Ermittlungen zur Brandursache werden von den Fachleuten der Kriminalpolizei \u00fcbernommen. Zum Eigenschutz der Einsatzkr\u00e4fte war der Rettungsdienst ebenfalls vor Ort eingesetzt.<\/p>\n\n\n\n<p class=\"wp-block-paragraph\">W\u00e4hrend des Einsatzes in Kostheim besetzten zudem die Freiwilligen Wehren aus Biebrich und Kastel die verwaiste Feuerwache 2 und stellten somit den Grundschutz f\u00fcr etwaige Paralleleins\u00e4tze sicher.<\/p>\n\n\n\n<div style=\"height:40px\" aria-hidden=\"true\" class=\"wp-block-spacer\"><\/div>\n\n\n\n<p class=\"wp-block-paragraph\">                    <style>\n                                            .flickr-img-responsive {\n                            width:100% !important;\n                            height:auto !important;\n                            display:block !important;\n                        }\n                        .LoadingImg img {\n                            max-width: 45px;\n                            max-height: 45px;\n                            box-shadow: none;\n                        }\n                        .wpfrank-flickr-div{\n                            padding:15px;\n                        }\n                        @media (max-width: 786px){\n                            .col-md-3 {\n                                width:49.9%;\n                                float:left;\n                            }\n                        }\n                        .play-pause {\n                            display: none !important;\n                        }\n                        .gallery7746 {\n                            overflow:hidden;\n                            clear: both;\n                        }\n                        .fnf{\n                            background-color: #a92929;\n                            border-radius: 5px;\n                            color: #fff;\n                            font-family: initial;\n                            text-align: center;\n                            padding:12px;\n                        }\n                    <\/style>\n                    <script type=\"text\/javascript\">\n                    jQuery(function() {\n                        jQuery('.gallery-7746').flickr({\n                            apiKey: '037c012784565c3b5691cc5a0aa912b7',\n                            photosetId: '72177720314399673'\n                        });\n                    });\n\n                    ;(function ($, window, document, undefined) {\n                        'use strict';\n                        var pluginName = \"flickr\",\n                            defaults = {\n                                apiKey: \"\",\n                                photosetId: \"\",\n                                errorText: \"<div class='fnf'><i class='far fa-times-circle'><\/i> Error generating gallery.<\/div>\",\n                                loadingSpeed: 38,\n                                photosLimit: 200\n                            },\n                            apiUrl = 'https:\/\/api.flickr.com\/services\/rest\/',\n                            photos = [];\n\n                        function Plugin(element, options) {\n                            this.element = $(element);\n                            this.settings = $.extend({}, defaults, options);\n                            this._defaults = defaults;\n                            this._name = pluginName;\n\n                            this._hideSpinner = function() {\n                                this.element.find('.spinner-wrapper').hide().find('*').hide();\n                            };\n\n                            this._printError = function() {\n                                this.element.find('.gallery-container').append($(\"<div><\/div>\", { \"class\": \"col-lg-12\" })\n                                    .append($(\"<div><\/div>\", { \"class\": \"error-wrapper\" })\n                                        .append($(\"<span><\/span>\", { \"class\": \"label label-danger error\" })\n                                            .html(this.settings.errorText))));\n                            };\n\n                            this._flickrAnimate = function() {\n                                this.element.find('.gallery-container img').each($.proxy(function(index, el) {\n                                    var image = el;\n                                    setTimeout(function() {\n                                        $(image).parent().fadeIn();\n                                    }, this.settings.loadingSpeed * index);\n                                }, this));\n                            };\n\n                            this._printGallery = function(photos) {\n                                var element = this.element.find('.gallery-container');\n                                if (!photos || photos.length === 0) {\n                                    this._hideSpinner();\n                                    this._printError();\n                                    return;\n                                }\n                                $.each(photos, function(key, photo) {\n                                    if (!photo || !photo.thumbnail) return; \/\/ Skip undefined or invalid photos\n                                    var img = $('<img>', { 'class': 'thumb img-thumbnail flickr-img-responsive', src: photo.thumbnail, 'alt': photo.title });\n                                    element.append($('<div><\/div>', { 'class': ' col-md-3 col-sm-4 col-center wpfrank-flickr-div' })\n                                        .append($('<a><\/a>', { 'class': '', href: photo.href, 'data-gallery': '', 'title': photo.title }).hide()\n                                            .append(img)));\n                                });\n\n                                element.imagesLoaded()\n                                    .done($.proxy(this._flickrAnimate, this))\n                                    .always($.proxy(this._hideSpinner, this));\n                            };\n\n                            this._flickrPhotoset = function(photoset) {\n                                var _this = this;\n                                photos[photoset.id] = [];\n                                $.each(photoset.photo, function(key, photo) {\n                                    if (photo.media !== \"photo\") {\n                                        return true; \/\/ Skip videos\n                                    }\n                                    if (key >= _this.settings.photosLimit) {\n                                        return false;\n                                    }\n                                    photos[photoset.id][key] = {\n                                        thumbnail: 'https:\/\/farm' + photo.farm + '.static.flickr.com\/' + photo.server + '\/' + photo.id + '_' + photo.secret + '_q.jpg',\n                                        href: 'https:\/\/farm' + photo.farm + '.static.flickr.com\/' + photo.server + '\/' + photo.id + '_' + photo.secret + '_b.jpg',\n                                        title: photo.title\n                                    };\n                                });\n\n                                console.log('Filtered photos:', photos[photoset.id]); \/\/ Debug log\n                                if (photos[photoset.id].length > 0) {\n                                    this._printGallery(photos[photoset.id]);\n                                } else {\n                                    this._hideSpinner();\n                                    this._printError();\n                                }\n                            };\n\n                            this._onFlickrResponse = function(response) {\n                                console.log('API Response:', response); \/\/ Debug log\n                                if (response.stat === \"ok\") {\n                                    this._flickrPhotoset(response.photoset);\n                                } else {\n                                    this._hideSpinner();\n                                    this._printError();\n                                }\n                            };\n\n                            this._flickrRequest = function(method, data) {\n                                var url = apiUrl + \"?format=json&jsoncallback=?&method=\" + method + \"&api_key=\" + this.settings.apiKey;\n                                $.each(data, function(key, value) {\n                                    url += \"&\" + key + \"=\" + value;\n                                });\n\n                                $.ajax({\n                                    dataType: \"json\",\n                                    url: url,\n                                    context: this,\n                                    success: this._onFlickrResponse\n                                });\n                            };\n\n                            this._flickrInit = function () {\n                                this._flickrRequest('flickr.photosets.getPhotos', {\n                                    photoset_id: this.settings.photosetId,\n                                    extras: 'media'\n                                });\n                            };\n\n                            this.init();\n                        }\n\n                        Plugin.prototype = {\n                            init: function () {\n                                this._flickrInit();\n                            }\n                        };\n\n                        $.fn[pluginName] = function (options) {\n                            this.each(function () {\n                                if (!$.data(this, \"plugin_\" + pluginName)) {\n                                    $.data(this, \"plugin_\" + pluginName, new Plugin(this, options));\n                                }\n                            });\n                            return this;\n                        };\n                    })(jQuery, window, document);\n                    <\/script>\n                    <div class=\"gallery-7746\">\n                                                    <h3>Feuer Steinern-Kreuz-Weg &#8211; 28.01.24<\/h3>\n                                                <div class=\"row\">\n                            <div class=\"col-xs-12 spinner-wrapper\">\n                                <div class=\"LoadingImg\"><img decoding=\"async\" src=\"https:\/\/www.feuerwehrkostheim.de\/wp-content\/plugins\/flickr-album-gallery\/img\/loading.gif\" \/><\/div>\n                            <\/div>\n                            <div align=\"center\" class=\"gallery-container\"><\/div>\n                        <\/div>\n                    <\/div>\n                    \n            <!-- Blueimp gallery -->\n            <div id=\"blueimp-gallery-7746\" class=\"blueimp-gallery blueimp-gallery-controls\">\n                <div class=\"slides\"><\/div>\n                <h3 class=\"title\"><\/h3>\n                <a class=\"prev\">\u2039<\/a>\n                <a class=\"next\">\u203a<\/a>\n                <a class=\"close\">\u00d7<\/a>\n                <a class=\"play-pause\"><\/a>\n                <ol class=\"indicator\"><\/ol>\n                <div class=\"modal fade\">\n                    <div class=\"modal-dialog\">\n                        <div class=\"modal-content\">\n                            <div class=\"modal-header\">\n                                <button type=\"button\" class=\"close\" aria-hidden=\"true\">\u00d7<\/button>\n                                <h4 class=\"modal-title\"><\/h4>\n                            <\/div>\n                            <div class=\"modal-body next\"><\/div>\n                            <div class=\"modal-footer\">\n                                <button type=\"button\" class=\"btn btn-default pull-left prev\">\n                                    <i class=\"glyphicon glyphicon-chevron-left\"><\/i>\n                                    Previous                                <\/button>\n                                <button type=\"button\" class=\"btn btn-primary next\">\n                                    Next                                    <i class=\"glyphicon glyphicon-chevron-right\"><\/i>\n                                <\/button>\n                            <\/div>\n                        <\/div>\n                    <\/div>\n                <\/div>\n            <\/div>\n\n            <script type=\"text\/javascript\">\n            jQuery(function() {\n                jQuery.extend(blueimp.Gallery.prototype.options, {\n                    useBootstrapModal: false,\n                    hidePageScrollbars: false,\n                    container: \"#blueimp-gallery-7746\",\n                });\n            });\n            <\/script>\n\n            <\/p>\n","protected":false},"excerpt":{"rendered":"<p>&#x1f6a8; 11 \/ 2024&#x1f4c5; 28.01.24 \u2013 &#x1f556; 03:39 Uhr&#x1f4cd;Steinern-Kreuz-Weg&#x1f4df; F 2 Y&#x26a0;&#xfe0f; Schuppen in Vollbrand Um 3:39 Uhr wurden die Kameraden der Kostheimer Wehr in der Nacht auf Sonntag unsanft durch die Alarmpager aus dem Schlaf gerissen. Gemeinsam mit dem L\u00f6schzug der Feuerwache 2 musste man in den Steinern-Kreuz-Weg ausr\u00fccken, da von dort ein in [&hellip;]<\/p>\n","protected":false},"author":1,"featured_media":0,"comment_status":"closed","ping_status":"open","sticky":false,"template":"","format":"standard","meta":{"_et_pb_use_builder":"off","_et_pb_old_content":"","_et_gb_content_width":"","_crdt_document":"","footnotes":""},"categories":[4,5],"tags":[50,18,1300,31,1701,664,1702,355],"class_list":["post-7744","post","type-post","status-publish","format-standard","hentry","category-einsatzabteilung","category-einsatze","tag-brand","tag-drehleiter","tag-f2y","tag-feuer","tag-holzhaus","tag-schuppen","tag-spezialsaege","tag-vollbrand"],"_links":{"self":[{"href":"https:\/\/www.feuerwehrkostheim.de\/index.php?rest_route=\/wp\/v2\/posts\/7744","targetHints":{"allow":["GET"]}}],"collection":[{"href":"https:\/\/www.feuerwehrkostheim.de\/index.php?rest_route=\/wp\/v2\/posts"}],"about":[{"href":"https:\/\/www.feuerwehrkostheim.de\/index.php?rest_route=\/wp\/v2\/types\/post"}],"author":[{"embeddable":true,"href":"https:\/\/www.feuerwehrkostheim.de\/index.php?rest_route=\/wp\/v2\/users\/1"}],"replies":[{"embeddable":true,"href":"https:\/\/www.feuerwehrkostheim.de\/index.php?rest_route=%2Fwp%2Fv2%2Fcomments&post=7744"}],"version-history":[{"count":4,"href":"https:\/\/www.feuerwehrkostheim.de\/index.php?rest_route=\/wp\/v2\/posts\/7744\/revisions"}],"predecessor-version":[{"id":7749,"href":"https:\/\/www.feuerwehrkostheim.de\/index.php?rest_route=\/wp\/v2\/posts\/7744\/revisions\/7749"}],"wp:attachment":[{"href":"https:\/\/www.feuerwehrkostheim.de\/index.php?rest_route=%2Fwp%2Fv2%2Fmedia&parent=7744"}],"wp:term":[{"taxonomy":"category","embeddable":true,"href":"https:\/\/www.feuerwehrkostheim.de\/index.php?rest_route=%2Fwp%2Fv2%2Fcategories&post=7744"},{"taxonomy":"post_tag","embeddable":true,"href":"https:\/\/www.feuerwehrkostheim.de\/index.php?rest_route=%2Fwp%2Fv2%2Ftags&post=7744"}],"curies":[{"name":"wp","href":"https:\/\/api.w.org\/{rel}","templated":true}]}}