{"id":7742,"date":"2024-01-26T15:59:33","date_gmt":"2024-01-26T14:59:33","guid":{"rendered":"https:\/\/www.feuerwehrkostheim.de\/?p=7742"},"modified":"2024-01-26T15:59:35","modified_gmt":"2024-01-26T14:59:35","slug":"rauch-aus-einer-wohnung","status":"publish","type":"post","link":"https:\/\/www.feuerwehrkostheim.de\/?p=7742","title":{"rendered":"Rauch aus einer Wohnung"},"content":{"rendered":"\n<p class=\"wp-block-paragraph\"><strong>&#x1f6a8; 10 \/ 2024<br>&#x1f4c5; 25.01.24 \u2013 &#x1f556; 19:43 Uhr<\/strong><br>&#x1f4cd;Uthmannstra\u00dfe<br>&#x1f4df; F 2<br>&#x26a0;&#xfe0f; Rauch aus Wohnung<\/p>\n\n\n\n<p class=\"wp-block-paragraph\">Zu einem Brandverdacht in der Uthmannstra\u00dfe musste die Kostheimer Feuerwehr am Donnerstagabend zusammen mit dem L\u00f6schzug der Berufsfeuerwehr ausr\u00fccken. Gemeldet war eine Rauchentwicklung aus einer Wohnung in einem Mehrfamilienhaus. Vor Ort angekommen stellte man eine leicht verrauchte Wohnung fest. Grund hierf\u00fcr war ein Kleinbrand, der jedoch beim Eintreffen der Feuerwehr gel\u00f6scht war. Durch die Einsatzkr\u00e4fte wurden die R\u00e4umlichkeiten rauchfrei gemacht. Nach etwa einer halben Stunde konnte der Einsatz beendet werden.<\/p>\n","protected":false},"excerpt":{"rendered":"<p>&#x1f6a8; 10 \/ 2024&#x1f4c5; 25.01.24 \u2013 &#x1f556; 19:43 Uhr&#x1f4cd;Uthmannstra\u00dfe&#x1f4df; F 2&#x26a0;&#xfe0f; Rauch aus Wohnung Zu einem Brandverdacht in der Uthmannstra\u00dfe musste die Kostheimer Feuerwehr am Donnerstagabend zusammen mit dem L\u00f6schzug der Berufsfeuerwehr ausr\u00fccken. Gemeldet war eine Rauchentwicklung aus einer Wohnung in einem Mehrfamilienhaus. Vor Ort angekommen stellte man eine leicht verrauchte Wohnung fest. Grund hierf\u00fcr [&hellip;]<\/p>\n","protected":false},"author":1,"featured_media":0,"comment_status":"closed","ping_status":"open","sticky":false,"template":"","format":"standard","meta":{"_et_pb_use_builder":"off","_et_pb_old_content":"","_et_gb_content_width":"","_crdt_document":"","footnotes":""},"categories":[4,5],"tags":[734,112,1265,666,366],"class_list":["post-7742","post","type-post","status-publish","format-standard","hentry","category-einsatzabteilung","category-einsatze","tag-belueftet","tag-brandverdacht","tag-f2","tag-geloscht","tag-rauch"],"_links":{"self":[{"href":"https:\/\/www.feuerwehrkostheim.de\/index.php?rest_route=\/wp\/v2\/posts\/7742","targetHints":{"allow":["GET"]}}],"collection":[{"href":"https:\/\/www.feuerwehrkostheim.de\/index.php?rest_route=\/wp\/v2\/posts"}],"about":[{"href":"https:\/\/www.feuerwehrkostheim.de\/index.php?rest_route=\/wp\/v2\/types\/post"}],"author":[{"embeddable":true,"href":"https:\/\/www.feuerwehrkostheim.de\/index.php?rest_route=\/wp\/v2\/users\/1"}],"replies":[{"embeddable":true,"href":"https:\/\/www.feuerwehrkostheim.de\/index.php?rest_route=%2Fwp%2Fv2%2Fcomments&post=7742"}],"version-history":[{"count":1,"href":"https:\/\/www.feuerwehrkostheim.de\/index.php?rest_route=\/wp\/v2\/posts\/7742\/revisions"}],"predecessor-version":[{"id":7743,"href":"https:\/\/www.feuerwehrkostheim.de\/index.php?rest_route=\/wp\/v2\/posts\/7742\/revisions\/7743"}],"wp:attachment":[{"href":"https:\/\/www.feuerwehrkostheim.de\/index.php?rest_route=%2Fwp%2Fv2%2Fmedia&parent=7742"}],"wp:term":[{"taxonomy":"category","embeddable":true,"href":"https:\/\/www.feuerwehrkostheim.de\/index.php?rest_route=%2Fwp%2Fv2%2Fcategories&post=7742"},{"taxonomy":"post_tag","embeddable":true,"href":"https:\/\/www.feuerwehrkostheim.de\/index.php?rest_route=%2Fwp%2Fv2%2Ftags&post=7742"}],"curies":[{"name":"wp","href":"https:\/\/api.w.org\/{rel}","templated":true}]}}