{"id":7722,"date":"2024-01-16T15:21:17","date_gmt":"2024-01-16T14:21:17","guid":{"rendered":"https:\/\/www.feuerwehrkostheim.de\/?p=7722"},"modified":"2024-01-16T15:46:24","modified_gmt":"2024-01-16T14:46:24","slug":"kellerbrand-mit-massiven-auswirkungen","status":"publish","type":"post","link":"https:\/\/www.feuerwehrkostheim.de\/?p=7722","title":{"rendered":"Kellerbrand mit massiven Auswirkungen"},"content":{"rendered":"\n<figure class=\"wp-block-image alignright size-large is-resized\"><img decoding=\"async\" src=\"https:\/\/live.staticflickr.com\/65535\/53467741751_8d414512b7.jpg\" alt=\"\" style=\"width:299px;height:auto\"\/><\/figure>\n\n\n\n<p class=\"wp-block-paragraph\"><strong>&#x1f6a8; 6 \/ 2024<br>&#x1f4c5; 15.01.24 \u2013 &#x1f556; 21:28 Uhr<\/strong><br>&#x1f4cd; Am alten Lindewerk<br>&#x1f4df; F 2 \/ F 2 Y<br>&#x26a0;&#xfe0f; Kellerbrand<\/p>\n\n\n\n<p class=\"wp-block-paragraph\">Ein Gro\u00dfaufgebot an Rettungskr\u00e4ften musste am Montagabend nach Kostheim ausr\u00fccken, da es in einem Mehrfamilienhaus zu einem Kellerbrand kam. Schon die alarmierten Kr\u00e4fte der Kostheimer Feuerwehr, die auf dem Weg zum Feuerwehrger\u00e4tehaus waren, konnten eine massive Rauchentwicklung aus dem Geb\u00e4ude best\u00e4tigen. Kurz nach Eintreffen der Freiwilligen Wehr sowie des L\u00f6schzuges der Berufsfeuerwehr erh\u00f6hte der Einsatzleiter das Einsatzstichwort auf \u201eF2Y \u2013 Brand mit Menschenleben in Gefahr\u201c. <\/p>\n\n\n\n<p class=\"wp-block-paragraph\">Durch die massive Rauchentwicklung aus dem Keller war der Treppenraum des mehrst\u00f6ckigen Geb\u00e4udes nicht mehr als Rettungsweg f\u00fcr die Bewohner nutzbar. W\u00e4hrend ein Trupp unter Atemschutz die Aufgabe hatte den verrauchten Treppenraum nach m\u00f6glichen Personen zu kontrollieren, leitete man parallel die Menschenrettung \u00fcber die Drehleiter sowie die Brandbek\u00e4mpfung im Keller ein. Insgesamt mussten 9 Personen, darunter auch zwei Kleinkinder, \u00fcber die Drehleiter von der Geb\u00e4uder\u00fcckseite aus ihren Wohnungen gerettet werden. F\u00fcr die Brandbek\u00e4mpfung setzte man zu Beginn zwei Trupps ein, die sich \u00fcber unterschiedliche Zug\u00e4nge einen Weg zum Brandraum verschafften. Durch das Feuer im Keller wurde zudem auch die direkt benachbarte Elektrohauptverteilung so massiv in Mitleidenschaft gezogen, dass im weiteren Einsatzverlauf durch den Energieversorger das gesamte Haus stromlos geschaltet werden musste.<\/p>\n\n\n<p><!--more--><\/p>\n\n\n<figure class=\"wp-block-image aligncenter size-large\"><img decoding=\"async\" src=\"https:\/\/live.staticflickr.com\/65535\/53468062724_b6f29d6971_c.jpg\" alt=\"\"\/><\/figure>\n\n\n\n<p class=\"wp-block-paragraph\">F\u00fcr die aus dem Geb\u00e4ude geretteten Personen, wurde seitens des Rettungsdienstes neben dem Organisatorischen Leiter Rettungsdienst auch die SEG-Betretung sowie die Seelsorge in Notf\u00e4llen nach Kostheim entsandt. F\u00fcr die kurzfristige Betreuung der Personen bei Temperaturen nahe dem Gefrierpunkt kam ein Linienbus der Mainzer Mobilit\u00e4t zum Einsatz. Verletzt wurde gl\u00fccklicher Weise niemand.<\/p>\n\n\n\n<figure class=\"wp-block-image alignright size-large\"><img decoding=\"async\" src=\"https:\/\/live.staticflickr.com\/65535\/53466832872_79fbac6bab_w.jpg\" alt=\"\"\/><\/figure>\n\n\n\n<p class=\"wp-block-paragraph\">Da die L\u00f6sch- und Nachl\u00f6scharbeiten ausschlie\u00dflich unter Atemschutz durchgef\u00fchrt werden konnten, forderte man den AB-Atemschutz nach, sodass ausreichend Ger\u00e4te zur Verf\u00fcgung standen. Nachdem der Brand gel\u00f6scht war, standen umfangreiche Bel\u00fcftungsma\u00dfnahmen an, zu denen ebenfalls zus\u00e4tzliche Ger\u00e4tschaften von der Feuerwache 2 zur Einsatzstelle nachgefordert wurden. Die Versorgung der Einsatzkr\u00e4fte mit hei\u00dfen Getr\u00e4nken und warmen Suppen \u00fcbernahm die Logistiktruppe.<\/p>\n\n\n\n<p class=\"wp-block-paragraph\">Gegen 02:00 Uhr in der Nacht war der Feuerwehreinsatz in dem Neubaugebiet beendet und es konnte begonnen werden, die leer ger\u00e4umten Fahrzeuge im Anschluss wieder aufzur\u00fcsten. Das Geb\u00e4ude ist durch den massiven Ru\u00dfschaden sowie dem Umstand, dass der gesamte Strom abgeschaltet werden musste, aktuell unbewohnbar. Die betroffenen Mieter kamen in der Nacht noch bei Freunden und Verwandten unter. Weder die Schadensh\u00f6he noch die Brandursache konnte w\u00e4hrend des Einsatzes beziffert werden. Die Polizei, hat die Brandursachenermittlung aufgenommen und das gesamte Geb\u00e4ude versiegelt. Die FF Biebrich besetzte f\u00fcr die Dauer des Einsatzes die Feuerwache 2 f\u00fcr m\u00f6gliche Paralleleins\u00e4tze.<\/p>\n\n\n\n<div style=\"height:40px\" aria-hidden=\"true\" class=\"wp-block-spacer\"><\/div>\n\n\n\n<p class=\"wp-block-paragraph\">                    <style>\n                                            .flickr-img-responsive {\n                            width:100% !important;\n                            height:auto !important;\n                            display:block !important;\n                        }\n                        .LoadingImg img {\n                            max-width: 45px;\n                            max-height: 45px;\n                            box-shadow: none;\n                        }\n                        .wpfrank-flickr-div{\n                            padding:15px;\n                        }\n                        @media (max-width: 786px){\n                            .col-md-3 {\n                                width:49.9%;\n                                float:left;\n                            }\n                        }\n                        .play-pause {\n                            display: none !important;\n                        }\n                        .gallery7724 {\n                            overflow:hidden;\n                            clear: both;\n                        }\n                        .fnf{\n                            background-color: #a92929;\n                            border-radius: 5px;\n                            color: #fff;\n                            font-family: initial;\n                            text-align: center;\n                            padding:12px;\n                        }\n                    <\/style>\n                    <script type=\"text\/javascript\">\n                    jQuery(function() {\n                        jQuery('.gallery-7724').flickr({\n                            apiKey: '037c012784565c3b5691cc5a0aa912b7',\n                            photosetId: '72177720314114568'\n                        });\n                    });\n\n                    ;(function ($, window, document, undefined) {\n                        'use strict';\n                        var pluginName = \"flickr\",\n                            defaults = {\n                                apiKey: \"\",\n                                photosetId: \"\",\n                                errorText: \"<div class='fnf'><i class='far fa-times-circle'><\/i> Error generating gallery.<\/div>\",\n                                loadingSpeed: 38,\n                                photosLimit: 200\n                            },\n                            apiUrl = 'https:\/\/api.flickr.com\/services\/rest\/',\n                            photos = [];\n\n                        function Plugin(element, options) {\n                            this.element = $(element);\n                            this.settings = $.extend({}, defaults, options);\n                            this._defaults = defaults;\n                            this._name = pluginName;\n\n                            this._hideSpinner = function() {\n                                this.element.find('.spinner-wrapper').hide().find('*').hide();\n                            };\n\n                            this._printError = function() {\n                                this.element.find('.gallery-container').append($(\"<div><\/div>\", { \"class\": \"col-lg-12\" })\n                                    .append($(\"<div><\/div>\", { \"class\": \"error-wrapper\" })\n                                        .append($(\"<span><\/span>\", { \"class\": \"label label-danger error\" })\n                                            .html(this.settings.errorText))));\n                            };\n\n                            this._flickrAnimate = function() {\n                                this.element.find('.gallery-container img').each($.proxy(function(index, el) {\n                                    var image = el;\n                                    setTimeout(function() {\n                                        $(image).parent().fadeIn();\n                                    }, this.settings.loadingSpeed * index);\n                                }, this));\n                            };\n\n                            this._printGallery = function(photos) {\n                                var element = this.element.find('.gallery-container');\n                                if (!photos || photos.length === 0) {\n                                    this._hideSpinner();\n                                    this._printError();\n                                    return;\n                                }\n                                $.each(photos, function(key, photo) {\n                                    if (!photo || !photo.thumbnail) return; \/\/ Skip undefined or invalid photos\n                                    var img = $('<img>', { 'class': 'thumb img-thumbnail flickr-img-responsive', src: photo.thumbnail, 'alt': photo.title });\n                                    element.append($('<div><\/div>', { 'class': ' col-md-3 col-sm-4 col-center wpfrank-flickr-div' })\n                                        .append($('<a><\/a>', { 'class': '', href: photo.href, 'data-gallery': '', 'title': photo.title }).hide()\n                                            .append(img)));\n                                });\n\n                                element.imagesLoaded()\n                                    .done($.proxy(this._flickrAnimate, this))\n                                    .always($.proxy(this._hideSpinner, this));\n                            };\n\n                            this._flickrPhotoset = function(photoset) {\n                                var _this = this;\n                                photos[photoset.id] = [];\n                                $.each(photoset.photo, function(key, photo) {\n                                    if (photo.media !== \"photo\") {\n                                        return true; \/\/ Skip videos\n                                    }\n                                    if (key >= _this.settings.photosLimit) {\n                                        return false;\n                                    }\n                                    photos[photoset.id][key] = {\n                                        thumbnail: 'https:\/\/farm' + photo.farm + '.static.flickr.com\/' + photo.server + '\/' + photo.id + '_' + photo.secret + '_q.jpg',\n                                        href: 'https:\/\/farm' + photo.farm + '.static.flickr.com\/' + photo.server + '\/' + photo.id + '_' + photo.secret + '_b.jpg',\n                                        title: photo.title\n                                    };\n                                });\n\n                                console.log('Filtered photos:', photos[photoset.id]); \/\/ Debug log\n                                if (photos[photoset.id].length > 0) {\n                                    this._printGallery(photos[photoset.id]);\n                                } else {\n                                    this._hideSpinner();\n                                    this._printError();\n                                }\n                            };\n\n                            this._onFlickrResponse = function(response) {\n                                console.log('API Response:', response); \/\/ Debug log\n                                if (response.stat === \"ok\") {\n                                    this._flickrPhotoset(response.photoset);\n                                } else {\n                                    this._hideSpinner();\n                                    this._printError();\n                                }\n                            };\n\n                            this._flickrRequest = function(method, data) {\n                                var url = apiUrl + \"?format=json&jsoncallback=?&method=\" + method + \"&api_key=\" + this.settings.apiKey;\n                                $.each(data, function(key, value) {\n                                    url += \"&\" + key + \"=\" + value;\n                                });\n\n                                $.ajax({\n                                    dataType: \"json\",\n                                    url: url,\n                                    context: this,\n                                    success: this._onFlickrResponse\n                                });\n                            };\n\n                            this._flickrInit = function () {\n                                this._flickrRequest('flickr.photosets.getPhotos', {\n                                    photoset_id: this.settings.photosetId,\n                                    extras: 'media'\n                                });\n                            };\n\n                            this.init();\n                        }\n\n                        Plugin.prototype = {\n                            init: function () {\n                                this._flickrInit();\n                            }\n                        };\n\n                        $.fn[pluginName] = function (options) {\n                            this.each(function () {\n                                if (!$.data(this, \"plugin_\" + pluginName)) {\n                                    $.data(this, \"plugin_\" + pluginName, new Plugin(this, options));\n                                }\n                            });\n                            return this;\n                        };\n                    })(jQuery, window, document);\n                    <\/script>\n                    <div class=\"gallery-7724\">\n                                                    <h3>Kellerbrand &#8220;Am alten Lindewerk&#8221; &#8211; 15.01.24<\/h3>\n                                                <div class=\"row\">\n                            <div class=\"col-xs-12 spinner-wrapper\">\n                                <div class=\"LoadingImg\"><img decoding=\"async\" src=\"https:\/\/www.feuerwehrkostheim.de\/wp-content\/plugins\/flickr-album-gallery\/img\/loading.gif\" \/><\/div>\n                            <\/div>\n                            <div align=\"center\" class=\"gallery-container\"><\/div>\n                        <\/div>\n                    <\/div>\n                    \n            <!-- Blueimp gallery -->\n            <div id=\"blueimp-gallery-7724\" class=\"blueimp-gallery blueimp-gallery-controls\">\n                <div class=\"slides\"><\/div>\n                <h3 class=\"title\"><\/h3>\n                <a class=\"prev\">\u2039<\/a>\n                <a class=\"next\">\u203a<\/a>\n                <a class=\"close\">\u00d7<\/a>\n                <a class=\"play-pause\"><\/a>\n                <ol class=\"indicator\"><\/ol>\n                <div class=\"modal fade\">\n                    <div class=\"modal-dialog\">\n                        <div class=\"modal-content\">\n                            <div class=\"modal-header\">\n                                <button type=\"button\" class=\"close\" aria-hidden=\"true\">\u00d7<\/button>\n                                <h4 class=\"modal-title\"><\/h4>\n                            <\/div>\n                            <div class=\"modal-body next\"><\/div>\n                            <div class=\"modal-footer\">\n                                <button type=\"button\" class=\"btn btn-default pull-left prev\">\n                                    <i class=\"glyphicon glyphicon-chevron-left\"><\/i>\n                                    Previous                                <\/button>\n                                <button type=\"button\" class=\"btn btn-primary next\">\n                                    Next                                    <i class=\"glyphicon glyphicon-chevron-right\"><\/i>\n                                <\/button>\n                            <\/div>\n                        <\/div>\n                    <\/div>\n                <\/div>\n            <\/div>\n\n            <script type=\"text\/javascript\">\n            jQuery(function() {\n                jQuery.extend(blueimp.Gallery.prototype.options, {\n                    useBootstrapModal: false,\n                    hidePageScrollbars: false,\n                    container: \"#blueimp-gallery-7724\",\n                });\n            });\n            <\/script>\n\n            <\/p>\n","protected":false},"excerpt":{"rendered":"<p>&#x1f6a8; 6 \/ 2024&#x1f4c5; 15.01.24 \u2013 &#x1f556; 21:28 Uhr&#x1f4cd; Am alten Lindewerk&#x1f4df; F 2 \/ F 2 Y&#x26a0;&#xfe0f; Kellerbrand Ein Gro\u00dfaufgebot an Rettungskr\u00e4ften musste am Montagabend nach Kostheim ausr\u00fccken, da es in einem Mehrfamilienhaus zu einem Kellerbrand kam. Schon die alarmierten Kr\u00e4fte der Kostheimer Feuerwehr, die auf dem Weg zum Feuerwehrger\u00e4tehaus waren, konnten eine massive [&hellip;]<\/p>\n","protected":false},"author":1,"featured_media":0,"comment_status":"closed","ping_status":"open","sticky":false,"template":"","format":"standard","meta":{"_et_pb_use_builder":"off","_et_pb_old_content":"","_et_gb_content_width":"","_crdt_document":"","footnotes":""},"categories":[4,5],"tags":[50,1300,31,236,206,287,111],"class_list":["post-7722","post","type-post","status-publish","format-standard","hentry","category-einsatzabteilung","category-einsatze","tag-brand","tag-f2y","tag-feuer","tag-keller","tag-kellerbrand","tag-menschenrettung","tag-rauchentwicklung"],"_links":{"self":[{"href":"https:\/\/www.feuerwehrkostheim.de\/index.php?rest_route=\/wp\/v2\/posts\/7722","targetHints":{"allow":["GET"]}}],"collection":[{"href":"https:\/\/www.feuerwehrkostheim.de\/index.php?rest_route=\/wp\/v2\/posts"}],"about":[{"href":"https:\/\/www.feuerwehrkostheim.de\/index.php?rest_route=\/wp\/v2\/types\/post"}],"author":[{"embeddable":true,"href":"https:\/\/www.feuerwehrkostheim.de\/index.php?rest_route=\/wp\/v2\/users\/1"}],"replies":[{"embeddable":true,"href":"https:\/\/www.feuerwehrkostheim.de\/index.php?rest_route=%2Fwp%2Fv2%2Fcomments&post=7722"}],"version-history":[{"count":3,"href":"https:\/\/www.feuerwehrkostheim.de\/index.php?rest_route=\/wp\/v2\/posts\/7722\/revisions"}],"predecessor-version":[{"id":7727,"href":"https:\/\/www.feuerwehrkostheim.de\/index.php?rest_route=\/wp\/v2\/posts\/7722\/revisions\/7727"}],"wp:attachment":[{"href":"https:\/\/www.feuerwehrkostheim.de\/index.php?rest_route=%2Fwp%2Fv2%2Fmedia&parent=7722"}],"wp:term":[{"taxonomy":"category","embeddable":true,"href":"https:\/\/www.feuerwehrkostheim.de\/index.php?rest_route=%2Fwp%2Fv2%2Fcategories&post=7722"},{"taxonomy":"post_tag","embeddable":true,"href":"https:\/\/www.feuerwehrkostheim.de\/index.php?rest_route=%2Fwp%2Fv2%2Ftags&post=7722"}],"curies":[{"name":"wp","href":"https:\/\/api.w.org\/{rel}","templated":true}]}}