{"id":7674,"date":"2023-12-25T14:12:19","date_gmt":"2023-12-25T13:12:19","guid":{"rendered":"https:\/\/www.feuerwehrkostheim.de\/?p=7674"},"modified":"2023-12-25T14:12:21","modified_gmt":"2023-12-25T13:12:21","slug":"verdacht-auf-kaminbrand-2","status":"publish","type":"post","link":"https:\/\/www.feuerwehrkostheim.de\/?p=7674","title":{"rendered":"Verdacht auf Kaminbrand"},"content":{"rendered":"\n<figure class=\"wp-block-image alignright size-large is-resized\"><a href=\"https:\/\/www.feuerwehrkostheim.de\/wp-content\/uploads\/2023\/12\/2023-12-24-Brandverdacht-Hallgarter.jpg\"><img loading=\"lazy\" decoding=\"async\" width=\"1024\" height=\"757\" src=\"https:\/\/www.feuerwehrkostheim.de\/wp-content\/uploads\/2023\/12\/2023-12-24-Brandverdacht-Hallgarter-1024x757.jpg\" alt=\"\" class=\"wp-image-7675\" style=\"width:361px;height:auto\" srcset=\"https:\/\/www.feuerwehrkostheim.de\/wp-content\/uploads\/2023\/12\/2023-12-24-Brandverdacht-Hallgarter-1024x757.jpg 1024w, https:\/\/www.feuerwehrkostheim.de\/wp-content\/uploads\/2023\/12\/2023-12-24-Brandverdacht-Hallgarter-980x725.jpg 980w, https:\/\/www.feuerwehrkostheim.de\/wp-content\/uploads\/2023\/12\/2023-12-24-Brandverdacht-Hallgarter-480x355.jpg 480w\" sizes=\"(min-width: 0px) and (max-width: 480px) 480px, (min-width: 481px) and (max-width: 980px) 980px, (min-width: 981px) 1024px, 100vw\" \/><\/a><\/figure>\n\n\n\n<p class=\"wp-block-paragraph\"><strong>&#x1f6a8; 104 \/ 2023<br>&#x1f4c5; 24.12.23 \u2013 &#x1f556; 16:40 Uhr<\/strong><br>&#x1f4cd; Hallgarter Stra\u00dfe<br>&#x1f4df; F 2 <br>&#x26a0;&#xfe0f; Kaminbrand<\/p>\n\n\n\n<p class=\"wp-block-paragraph\">Nach den nun schon zwei Eins\u00e4tzen an diesem besonderen Tag, alarmierte die Rettungsleitstelle erneut die Kostheimer Feuerwehr, w\u00e4hrend die Vorbereitungen in den Familien f\u00fcr den heiligen Abend auf Hochtouren liefen. Der Verdacht auf einen Kaminbrand in der Hallgarter Stra\u00dfe sorgte daf\u00fcr das neben den Kostheimern auch der L\u00f6schzug der Feuerwache 2 zur Einsatzstelle ausr\u00fccken mussten. Vor Ort angekommen, \u00fcberpr\u00fcfte man den betroffenen Kamin zum einen von innen, zum anderen \u00fcber die in Stellung gebrachte Drehleiter. Da der Abluftzug lediglich von einer Gas-Therme benutz wird, und keine Feststellungen weiter gemacht werden konnten, musste man davon ausgehen, dass es sich um einen technischen Defekt an der Brenneranlage handelte. Nach etwa einer halben Stunde konnte der Einsatz beendet werden und f\u00fcr die Wehrleute aus Kostheim konnte nach dem Tausch der benutzten Atemschutzmasken gegen kurz vor 18 Uhr der weihnachtliche Abend im Kreise ihrer Liebsten beginnen.<\/p>\n","protected":false},"excerpt":{"rendered":"<p>&#x1f6a8; 104 \/ 2023&#x1f4c5; 24.12.23 \u2013 &#x1f556; 16:40 Uhr&#x1f4cd; Hallgarter Stra\u00dfe&#x1f4df; F 2 &#x26a0;&#xfe0f; Kaminbrand Nach den nun schon zwei Eins\u00e4tzen an diesem besonderen Tag, alarmierte die Rettungsleitstelle erneut die Kostheimer Feuerwehr, w\u00e4hrend die Vorbereitungen in den Familien f\u00fcr den heiligen Abend auf Hochtouren liefen. Der Verdacht auf einen Kaminbrand in der Hallgarter Stra\u00dfe sorgte [&hellip;]<\/p>\n","protected":false},"author":1,"featured_media":0,"comment_status":"closed","ping_status":"open","sticky":false,"template":"","format":"standard","meta":{"_et_pb_use_builder":"off","_et_pb_old_content":"","_et_gb_content_width":"","_crdt_document":"","footnotes":""},"categories":[4,5],"tags":[1172,1689,113,1687,215,1396],"class_list":["post-7674","post","type-post","status-publish","format-standard","hentry","category-einsatzabteilung","category-einsatze","tag-defekt","tag-f2-2","tag-fehlalarm","tag-heiligabend","tag-kaminbrand","tag-technischer"],"_links":{"self":[{"href":"https:\/\/www.feuerwehrkostheim.de\/index.php?rest_route=\/wp\/v2\/posts\/7674","targetHints":{"allow":["GET"]}}],"collection":[{"href":"https:\/\/www.feuerwehrkostheim.de\/index.php?rest_route=\/wp\/v2\/posts"}],"about":[{"href":"https:\/\/www.feuerwehrkostheim.de\/index.php?rest_route=\/wp\/v2\/types\/post"}],"author":[{"embeddable":true,"href":"https:\/\/www.feuerwehrkostheim.de\/index.php?rest_route=\/wp\/v2\/users\/1"}],"replies":[{"embeddable":true,"href":"https:\/\/www.feuerwehrkostheim.de\/index.php?rest_route=%2Fwp%2Fv2%2Fcomments&post=7674"}],"version-history":[{"count":1,"href":"https:\/\/www.feuerwehrkostheim.de\/index.php?rest_route=\/wp\/v2\/posts\/7674\/revisions"}],"predecessor-version":[{"id":7676,"href":"https:\/\/www.feuerwehrkostheim.de\/index.php?rest_route=\/wp\/v2\/posts\/7674\/revisions\/7676"}],"wp:attachment":[{"href":"https:\/\/www.feuerwehrkostheim.de\/index.php?rest_route=%2Fwp%2Fv2%2Fmedia&parent=7674"}],"wp:term":[{"taxonomy":"category","embeddable":true,"href":"https:\/\/www.feuerwehrkostheim.de\/index.php?rest_route=%2Fwp%2Fv2%2Fcategories&post=7674"},{"taxonomy":"post_tag","embeddable":true,"href":"https:\/\/www.feuerwehrkostheim.de\/index.php?rest_route=%2Fwp%2Fv2%2Ftags&post=7674"}],"curies":[{"name":"wp","href":"https:\/\/api.w.org\/{rel}","templated":true}]}}