{"id":7641,"date":"2023-12-17T16:16:58","date_gmt":"2023-12-17T15:16:58","guid":{"rendered":"https:\/\/www.feuerwehrkostheim.de\/?p=7641"},"modified":"2023-12-22T09:25:57","modified_gmt":"2023-12-22T08:25:57","slug":"rauchentwicklung-im-bereich-am-gueckelsberg","status":"publish","type":"post","link":"https:\/\/www.feuerwehrkostheim.de\/?p=7641","title":{"rendered":"Rauchentwicklung im Bereich &#8220;Am G\u00fcckelsberg&#8221;"},"content":{"rendered":"\n<p class=\"wp-block-paragraph\"><strong>&#x1f6a8; 98 \/ 2023<br>&#x1f4c5; 11.12.23 \u2013 &#x1f556; 08:29 Uhr<\/strong><br>&#x1f4cd; Am G\u00fcckelsberg<br>&#x1f4df; F 2<br>&#x26a0;&#xfe0f; Rauchentwicklung<\/p>\n\n\n\n<p class=\"wp-block-paragraph\">Am Montagvormittag meldete ein Passant eine festgestellte Rauchentwicklung im Bereich des Einkaufszentrums &#8220;Am G\u00fcckelsberg&#8221;. Umgehend wurden die Wehren aus Kostheim sowie Kastel zusammen mit dem L\u00f6schzug der Feuerwache 2 alarmiert. Nachdem die ersten Feuerwehrkr\u00e4fte an der Einsatzstelle eintrafen, stellten sie fest, dass die Rauchentwicklung durch einen Produktionsprozess eines in dem Bereich ans\u00e4ssigen Unternehmens stammte. Eine Gefahr lag nicht vor, sodass der Einsatz nur wenige Minuten sp\u00e4ter wieder beendet werden konnte.<\/p>\n","protected":false},"excerpt":{"rendered":"<p>&#x1f6a8; 98 \/ 2023&#x1f4c5; 11.12.23 \u2013 &#x1f556; 08:29 Uhr&#x1f4cd; Am G\u00fcckelsberg&#x1f4df; F 2&#x26a0;&#xfe0f; Rauchentwicklung Am Montagvormittag meldete ein Passant eine festgestellte Rauchentwicklung im Bereich des Einkaufszentrums &#8220;Am G\u00fcckelsberg&#8221;. Umgehend wurden die Wehren aus Kostheim sowie Kastel zusammen mit dem L\u00f6schzug der Feuerwache 2 alarmiert. Nachdem die ersten Feuerwehrkr\u00e4fte an der Einsatzstelle eintrafen, stellten sie fest, [&hellip;]<\/p>\n","protected":false},"author":1,"featured_media":0,"comment_status":"closed","ping_status":"open","sticky":false,"template":"","format":"standard","meta":{"_et_pb_use_builder":"off","_et_pb_old_content":"","_et_gb_content_width":"","_crdt_document":"","footnotes":""},"categories":[4,5],"tags":[110,1265,113,1676,1677,111],"class_list":["post-7641","post","type-post","status-publish","format-standard","hentry","category-einsatzabteilung","category-einsatze","tag-alarmgruppe","tag-f2","tag-fehlalarm","tag-firma","tag-produktionsprozess","tag-rauchentwicklung"],"_links":{"self":[{"href":"https:\/\/www.feuerwehrkostheim.de\/index.php?rest_route=\/wp\/v2\/posts\/7641","targetHints":{"allow":["GET"]}}],"collection":[{"href":"https:\/\/www.feuerwehrkostheim.de\/index.php?rest_route=\/wp\/v2\/posts"}],"about":[{"href":"https:\/\/www.feuerwehrkostheim.de\/index.php?rest_route=\/wp\/v2\/types\/post"}],"author":[{"embeddable":true,"href":"https:\/\/www.feuerwehrkostheim.de\/index.php?rest_route=\/wp\/v2\/users\/1"}],"replies":[{"embeddable":true,"href":"https:\/\/www.feuerwehrkostheim.de\/index.php?rest_route=%2Fwp%2Fv2%2Fcomments&post=7641"}],"version-history":[{"count":2,"href":"https:\/\/www.feuerwehrkostheim.de\/index.php?rest_route=\/wp\/v2\/posts\/7641\/revisions"}],"predecessor-version":[{"id":7651,"href":"https:\/\/www.feuerwehrkostheim.de\/index.php?rest_route=\/wp\/v2\/posts\/7641\/revisions\/7651"}],"wp:attachment":[{"href":"https:\/\/www.feuerwehrkostheim.de\/index.php?rest_route=%2Fwp%2Fv2%2Fmedia&parent=7641"}],"wp:term":[{"taxonomy":"category","embeddable":true,"href":"https:\/\/www.feuerwehrkostheim.de\/index.php?rest_route=%2Fwp%2Fv2%2Fcategories&post=7641"},{"taxonomy":"post_tag","embeddable":true,"href":"https:\/\/www.feuerwehrkostheim.de\/index.php?rest_route=%2Fwp%2Fv2%2Ftags&post=7641"}],"curies":[{"name":"wp","href":"https:\/\/api.w.org\/{rel}","templated":true}]}}