{"id":7418,"date":"2023-11-18T14:50:08","date_gmt":"2023-11-18T13:50:08","guid":{"rendered":"https:\/\/www.feuerwehrkostheim.de\/?p=7418"},"modified":"2023-11-18T14:50:16","modified_gmt":"2023-11-18T13:50:16","slug":"brandgeruch-in-der-hauptstrasse","status":"publish","type":"post","link":"https:\/\/www.feuerwehrkostheim.de\/?p=7418","title":{"rendered":"Brandgeruch in der Hauptstra\u00dfe"},"content":{"rendered":"\n<p class=\"wp-block-paragraph\"><strong>&#x1f6a8; 85 \/ 2023<br>&#x1f4c5; 16.11.23 \u2013 &#x1f556; 17:41 Uhr<\/strong><br>&#x1f4cd; Hauptstra\u00dfe<br>&#x1f4df; F 2<br>&#x26a0;&#xfe0f; Brandverdacht<\/p>\n\n\n\n<p class=\"wp-block-paragraph\">Am Donnerstagabend r\u00fcckte die Kostheimer Feuerwehr zusammen mit dem L\u00f6schzug der Feuerwache 2 und den Kollegen aus Kastel in die Hauptstra\u00dfe aus. Anrufer von dort meldeten einen Brandgeruch im Treppenhaus, ohne n\u00e4heres lokalisieren zu k\u00f6nnen. Auch beim Eintreffen der Feuerwehrkr\u00e4fte konnte ein leichter Rauchgeruch im Durchgang zum Treppenhaus festgestellt werden. Die \u00dcberpr\u00fcfung des im Treppenhaus befindlichen Elektroverteilerkastens mit der W\u00e4rmebildkamera brachte jedoch keine Erkenntnisse. Nachdem auch der Keller ergebnislos \u00fcberpr\u00fcft war, brach man den Einsatz ab. Vermutlich hat sich durch die Wetterlage Rauch aus in der N\u00e4he betriebenen Kaminen nach unten gedr\u00fcckt und somit auch ins Geb\u00e4udeinnere.<\/p>\n","protected":false},"excerpt":{"rendered":"<p>&#x1f6a8; 85 \/ 2023&#x1f4c5; 16.11.23 \u2013 &#x1f556; 17:41 Uhr&#x1f4cd; Hauptstra\u00dfe&#x1f4df; F 2&#x26a0;&#xfe0f; Brandverdacht Am Donnerstagabend r\u00fcckte die Kostheimer Feuerwehr zusammen mit dem L\u00f6schzug der Feuerwache 2 und den Kollegen aus Kastel in die Hauptstra\u00dfe aus. Anrufer von dort meldeten einen Brandgeruch im Treppenhaus, ohne n\u00e4heres lokalisieren zu k\u00f6nnen. Auch beim Eintreffen der Feuerwehrkr\u00e4fte konnte ein [&hellip;]<\/p>\n","protected":false},"author":1,"featured_media":0,"comment_status":"closed","ping_status":"open","sticky":false,"template":"","format":"standard","meta":{"_et_pb_use_builder":"","_et_pb_old_content":"","_et_gb_content_width":"","_crdt_document":"","footnotes":""},"categories":[4,5],"tags":[110,112,1265,113],"class_list":["post-7418","post","type-post","status-publish","format-standard","hentry","category-einsatzabteilung","category-einsatze","tag-alarmgruppe","tag-brandverdacht","tag-f2","tag-fehlalarm"],"_links":{"self":[{"href":"https:\/\/www.feuerwehrkostheim.de\/index.php?rest_route=\/wp\/v2\/posts\/7418","targetHints":{"allow":["GET"]}}],"collection":[{"href":"https:\/\/www.feuerwehrkostheim.de\/index.php?rest_route=\/wp\/v2\/posts"}],"about":[{"href":"https:\/\/www.feuerwehrkostheim.de\/index.php?rest_route=\/wp\/v2\/types\/post"}],"author":[{"embeddable":true,"href":"https:\/\/www.feuerwehrkostheim.de\/index.php?rest_route=\/wp\/v2\/users\/1"}],"replies":[{"embeddable":true,"href":"https:\/\/www.feuerwehrkostheim.de\/index.php?rest_route=%2Fwp%2Fv2%2Fcomments&post=7418"}],"version-history":[{"count":2,"href":"https:\/\/www.feuerwehrkostheim.de\/index.php?rest_route=\/wp\/v2\/posts\/7418\/revisions"}],"predecessor-version":[{"id":7420,"href":"https:\/\/www.feuerwehrkostheim.de\/index.php?rest_route=\/wp\/v2\/posts\/7418\/revisions\/7420"}],"wp:attachment":[{"href":"https:\/\/www.feuerwehrkostheim.de\/index.php?rest_route=%2Fwp%2Fv2%2Fmedia&parent=7418"}],"wp:term":[{"taxonomy":"category","embeddable":true,"href":"https:\/\/www.feuerwehrkostheim.de\/index.php?rest_route=%2Fwp%2Fv2%2Fcategories&post=7418"},{"taxonomy":"post_tag","embeddable":true,"href":"https:\/\/www.feuerwehrkostheim.de\/index.php?rest_route=%2Fwp%2Fv2%2Ftags&post=7418"}],"curies":[{"name":"wp","href":"https:\/\/api.w.org\/{rel}","templated":true}]}}