{"id":7355,"date":"2023-10-30T16:01:57","date_gmt":"2023-10-30T15:01:57","guid":{"rendered":"https:\/\/www.feuerwehrkostheim.de\/?p=7355"},"modified":"2023-10-30T17:05:12","modified_gmt":"2023-10-30T16:05:12","slug":"test","status":"publish","type":"post","link":"https:\/\/www.feuerwehrkostheim.de\/?p=7355","title":{"rendered":"Brandverdacht in der Hochheimer Stra\u00dfe"},"content":{"rendered":"\n<p class=\"wp-block-paragraph\"><strong>&#x1f6a8; 82 \/ 2023<br>&#x1f4c5; 30.10.23 \u2013 &#x1f556; 07:58 Uhr<\/strong><br>&#x1f4cd;  Hochheimer Stra\u00dfe <br>&#x1f4df; F 2<br>&#x26a0;&#xfe0f; Rauchentwicklung<\/p>\n\n\n\n<p class=\"wp-block-paragraph\">Am fr\u00fchen Montagvormittag r\u00fcckte die Feuerwehr zu einem gemeldeten Brandverdacht im Bereich einer Gewerbehalle in der Hochheimer Stra\u00dfe aus. An der Einststelle angekommen, stellten die Kr\u00e4fte fest, dass der Inhalt einer im Au\u00dfenbereich positionierten Abfalltonne brannte. Das Feuer konnte schnell gel\u00f6scht und der Einsatzsatz somit zeitnah wieder beendet werden.<\/p>\n","protected":false},"excerpt":{"rendered":"<p>&#x1f6a8; 82 \/ 2023&#x1f4c5; 30.10.23 \u2013 &#x1f556; 07:58 Uhr&#x1f4cd; Hochheimer Stra\u00dfe &#x1f4df; F 2&#x26a0;&#xfe0f; Rauchentwicklung Am fr\u00fchen Montagvormittag r\u00fcckte die Feuerwehr zu einem gemeldeten Brandverdacht im Bereich einer Gewerbehalle in der Hochheimer Stra\u00dfe aus. An der Einststelle angekommen, stellten die Kr\u00e4fte fest, dass der Inhalt einer im Au\u00dfenbereich positionierten Abfalltonne brannte. Das Feuer konnte schnell [&hellip;]<\/p>\n","protected":false},"author":1,"featured_media":0,"comment_status":"closed","ping_status":"open","sticky":false,"template":"","format":"standard","meta":{"_et_pb_use_builder":"","_et_pb_old_content":"","_et_gb_content_width":"","_crdt_document":"","footnotes":""},"categories":[5,6],"tags":[1649,110,112,1265,111],"class_list":["post-7355","post","type-post","status-publish","format-standard","hentry","category-einsatze","category-homepage","tag-abfalltonne","tag-alarmgruppe","tag-brandverdacht","tag-f2","tag-rauchentwicklung"],"_links":{"self":[{"href":"https:\/\/www.feuerwehrkostheim.de\/index.php?rest_route=\/wp\/v2\/posts\/7355","targetHints":{"allow":["GET"]}}],"collection":[{"href":"https:\/\/www.feuerwehrkostheim.de\/index.php?rest_route=\/wp\/v2\/posts"}],"about":[{"href":"https:\/\/www.feuerwehrkostheim.de\/index.php?rest_route=\/wp\/v2\/types\/post"}],"author":[{"embeddable":true,"href":"https:\/\/www.feuerwehrkostheim.de\/index.php?rest_route=\/wp\/v2\/users\/1"}],"replies":[{"embeddable":true,"href":"https:\/\/www.feuerwehrkostheim.de\/index.php?rest_route=%2Fwp%2Fv2%2Fcomments&post=7355"}],"version-history":[{"count":2,"href":"https:\/\/www.feuerwehrkostheim.de\/index.php?rest_route=\/wp\/v2\/posts\/7355\/revisions"}],"predecessor-version":[{"id":7376,"href":"https:\/\/www.feuerwehrkostheim.de\/index.php?rest_route=\/wp\/v2\/posts\/7355\/revisions\/7376"}],"wp:attachment":[{"href":"https:\/\/www.feuerwehrkostheim.de\/index.php?rest_route=%2Fwp%2Fv2%2Fmedia&parent=7355"}],"wp:term":[{"taxonomy":"category","embeddable":true,"href":"https:\/\/www.feuerwehrkostheim.de\/index.php?rest_route=%2Fwp%2Fv2%2Fcategories&post=7355"},{"taxonomy":"post_tag","embeddable":true,"href":"https:\/\/www.feuerwehrkostheim.de\/index.php?rest_route=%2Fwp%2Fv2%2Ftags&post=7355"}],"curies":[{"name":"wp","href":"https:\/\/api.w.org\/{rel}","templated":true}]}}