{"id":7342,"date":"2023-10-17T20:53:34","date_gmt":"2023-10-17T19:53:34","guid":{"rendered":"https:\/\/www.feuerwehrkostheim.de\/?p=7342"},"modified":"2023-10-18T12:06:33","modified_gmt":"2023-10-18T11:06:33","slug":"grossbrand-im-kostheimer-hallenbad-gebaeude-schnell-evakuiert","status":"publish","type":"post","link":"https:\/\/www.feuerwehrkostheim.de\/?p=7342","title":{"rendered":"Gro\u00dfbrand im Kostheimer Hallenbad &#8211; Geb\u00e4ude schnell evakuiert"},"content":{"rendered":"\n<figure class=\"wp-block-image alignright size-large\"><img decoding=\"async\" src=\"https:\/\/live.staticflickr.com\/65535\/53266085903_9b1e812643_n.jpg\" alt=\"\"\/><\/figure>\n\n\n\n<p class=\"wp-block-paragraph\"><strong>&#x1f6a8; 80 \/ 2023<br>&#x1f4c5; 17.10.23 \u2013 &#x1f556; 12:53 Uhr<\/strong><br>&#x1f4cd;  Waldhofstra\u00dfe &#8211; Hallenbad<br>&#x1f4df; F 3<br>&#x26a0;&#xfe0f; Brennende Sauna<\/p>\n\n\n\n<p class=\"wp-block-paragraph\">Ein Gro\u00dfbrand im Bereich der innenliegenden Saunalandschaft ereignete sich am Dienstagmittag im Kostheimer Hallenbad. Aufgrund der Erstmeldung sowie den zu erwartenden Personen, die sich zum Zeitpunkt des Brandausbruches im Hallenbad befanden, wurden nicht nur eine h\u00f6here Einsatzstufe f\u00fcr die Feuerwehr ausgerufen, sondern auch der Rettungsdienst mit einem Gro\u00dfaufgebot in Marsch gesetzt. Beim Eintreffen der ersten Kr\u00e4fte, drang dichter Rauch aus dem Obergeschoss des Geb\u00e4udes. <\/p>\n\n\n\n<figure class=\"wp-block-image alignright size-large is-resized\"><img decoding=\"async\" src=\"https:\/\/live.staticflickr.com\/65535\/53266150814_9997f6c0d7_n.jpg\" alt=\"\" style=\"width:315px;height:auto\"\/><\/figure>\n\n\n\n<p class=\"wp-block-paragraph\">Durch das vorbildliche Handeln des Personals waren bereits alle im Schwimmbad befindlichen Personen aus dem Geb\u00e4ude evakuiert, sodass sich die Feuerwehr direkt mit der Brandbek\u00e4mpfung beginnen konnte. Die ca. 25 evakuierten Personen, darunter eine Schulklasse, die zum Teil nur mit Badekleidung bekleidet waren, brachte man in der benachbarten Sporthalle unter. Im weiteren Verlauf des Einsatzes stand auch ein Linienbus zur Unterbringung zur Verf\u00fcgung. <\/p>\n\n\n\n<p class=\"wp-block-paragraph\">F\u00fcr den L\u00f6schangriff, der in der ersten Phase durch zwei L\u00f6schz\u00fcge der Berufsfeuerwehr sowie den Freiwilligen Wehren aus Kostheim und Kastel gestartet wurde, bildete man zwei Einsatzabschnitte. W\u00e4hrend ein Teil der Kr\u00e4fte \u00fcber den Innenangriff zum L\u00f6schen ins Geb\u00e4ude vorgingen, konzentrierte sich der zweite Einsatzabschnitt auf die Brandbek\u00e4mpfung, die \u00fcber das Vordach aufgebaut wurde.<\/p>\n\n\n<p><!--more--><\/p>\n\n\n<figure class=\"wp-block-image alignright size-large\"><img decoding=\"async\" src=\"https:\/\/live.staticflickr.com\/65535\/53266085298_706f8d73ae_n.jpg\" alt=\"\"\/><\/figure>\n\n\n\n<p class=\"wp-block-paragraph\">Zahlreiche Trupps unter Atemschutz kamen zum Einsatz und mussten im Verlauf auch abgel\u00f6st werden. Hierzu forderte die Einsatzleitung zus\u00e4tzliche Unterst\u00fctzung an, wodurch die FF Delkenheim ebenfalls nach Kostheim entsannt wurde. Nachdem das Feuer gel\u00f6scht werden konnte, waren umfangreiche Nachl\u00f6scharbeiten notwendig. Hierzu mussten gro\u00dfe Bereiche der Decken im ersten Obergeschoss ge\u00f6ffnet, kontrolliert und teilweise abgel\u00f6scht werden. Knapp dreieinhalb Stunden nach Alarmierung konnten die vor Ort eingesetzten Einsatzkr\u00e4fte langsam zur\u00fcckgefahren werden.<\/p>\n\n\n\n<p class=\"wp-block-paragraph\">F\u00fcr die Kostheimer Wehr, die mit allen Fahrzeugen und insgesamt 24 Einsatzkr\u00e4ften eingebunden war, r\u00fcckte gegen 18 Uhr wieder ein, um die L\u00f6schfahrzeuge wieder mit frischem Material aufzur\u00fcsten.<\/p>\n\n\n\n<p class=\"wp-block-paragraph\">\u00dcber die Brandursache sowie die Schadensh\u00f6he konnte zum Einsatzzeitpunkt keine Angaben gemacht werden. Die Waldhofstra\u00dfe war f\u00fcr die Einsatzdauer vollst\u00e4ndig gesperrt. Die Logistikgruppe der Feuerwehr Wiesbaden \u00fcbernahm auf dem Parkplatz des Schwimmbades die Versorgung der Feuerwehrkr\u00e4fte. Die Berufsfeuerwachen wurden von Freiwilligen Wehren f\u00fcr Paralleleins\u00e4tze nachbesetzt.<\/p>\n\n\n\n<div style=\"height:40px\" aria-hidden=\"true\" class=\"wp-block-spacer\"><\/div>\n\n\n\n<p class=\"wp-block-paragraph\">                    <style>\n                                            .flickr-img-responsive {\n                            width:100% !important;\n                            height:auto !important;\n                            display:block !important;\n                        }\n                        .LoadingImg img {\n                            max-width: 45px;\n                            max-height: 45px;\n                            box-shadow: none;\n                        }\n                        .wpfrank-flickr-div{\n                            padding:15px;\n                        }\n                        @media (max-width: 786px){\n                            .col-md-3 {\n                                width:49.9%;\n                                float:left;\n                            }\n                        }\n                        .play-pause {\n                            display: none !important;\n                        }\n                        .gallery7345 {\n                            overflow:hidden;\n                            clear: both;\n                        }\n                        .fnf{\n                            background-color: #a92929;\n                            border-radius: 5px;\n                            color: #fff;\n                            font-family: initial;\n                            text-align: center;\n                            padding:12px;\n                        }\n                    <\/style>\n                    <script type=\"text\/javascript\">\n                    jQuery(function() {\n                        jQuery('.gallery-7345').flickr({\n                            apiKey: '037c012784565c3b5691cc5a0aa912b7',\n                            photosetId: '72177720311998961'\n                        });\n                    });\n\n                    ;(function ($, window, document, undefined) {\n                        'use strict';\n                        var pluginName = \"flickr\",\n                            defaults = {\n                                apiKey: \"\",\n                                photosetId: \"\",\n                                errorText: \"<div class='fnf'><i class='far fa-times-circle'><\/i> Error generating gallery.<\/div>\",\n                                loadingSpeed: 38,\n                                photosLimit: 200\n                            },\n                            apiUrl = 'https:\/\/api.flickr.com\/services\/rest\/',\n                            photos = [];\n\n                        function Plugin(element, options) {\n                            this.element = $(element);\n                            this.settings = $.extend({}, defaults, options);\n                            this._defaults = defaults;\n                            this._name = pluginName;\n\n                            this._hideSpinner = function() {\n                                this.element.find('.spinner-wrapper').hide().find('*').hide();\n                            };\n\n                            this._printError = function() {\n                                this.element.find('.gallery-container').append($(\"<div><\/div>\", { \"class\": \"col-lg-12\" })\n                                    .append($(\"<div><\/div>\", { \"class\": \"error-wrapper\" })\n                                        .append($(\"<span><\/span>\", { \"class\": \"label label-danger error\" })\n                                            .html(this.settings.errorText))));\n                            };\n\n                            this._flickrAnimate = function() {\n                                this.element.find('.gallery-container img').each($.proxy(function(index, el) {\n                                    var image = el;\n                                    setTimeout(function() {\n                                        $(image).parent().fadeIn();\n                                    }, this.settings.loadingSpeed * index);\n                                }, this));\n                            };\n\n                            this._printGallery = function(photos) {\n                                var element = this.element.find('.gallery-container');\n                                if (!photos || photos.length === 0) {\n                                    this._hideSpinner();\n                                    this._printError();\n                                    return;\n                                }\n                                $.each(photos, function(key, photo) {\n                                    if (!photo || !photo.thumbnail) return; \/\/ Skip undefined or invalid photos\n                                    var img = $('<img>', { 'class': 'thumb img-thumbnail flickr-img-responsive', src: photo.thumbnail, 'alt': photo.title });\n                                    element.append($('<div><\/div>', { 'class': ' col-md-3 col-sm-4 col-center wpfrank-flickr-div' })\n                                        .append($('<a><\/a>', { 'class': '', href: photo.href, 'data-gallery': '', 'title': photo.title }).hide()\n                                            .append(img)));\n                                });\n\n                                element.imagesLoaded()\n                                    .done($.proxy(this._flickrAnimate, this))\n                                    .always($.proxy(this._hideSpinner, this));\n                            };\n\n                            this._flickrPhotoset = function(photoset) {\n                                var _this = this;\n                                photos[photoset.id] = [];\n                                $.each(photoset.photo, function(key, photo) {\n                                    if (photo.media !== \"photo\") {\n                                        return true; \/\/ Skip videos\n                                    }\n                                    if (key >= _this.settings.photosLimit) {\n                                        return false;\n                                    }\n                                    photos[photoset.id][key] = {\n                                        thumbnail: 'https:\/\/farm' + photo.farm + '.static.flickr.com\/' + photo.server + '\/' + photo.id + '_' + photo.secret + '_q.jpg',\n                                        href: 'https:\/\/farm' + photo.farm + '.static.flickr.com\/' + photo.server + '\/' + photo.id + '_' + photo.secret + '_b.jpg',\n                                        title: photo.title\n                                    };\n                                });\n\n                                console.log('Filtered photos:', photos[photoset.id]); \/\/ Debug log\n                                if (photos[photoset.id].length > 0) {\n                                    this._printGallery(photos[photoset.id]);\n                                } else {\n                                    this._hideSpinner();\n                                    this._printError();\n                                }\n                            };\n\n                            this._onFlickrResponse = function(response) {\n                                console.log('API Response:', response); \/\/ Debug log\n                                if (response.stat === \"ok\") {\n                                    this._flickrPhotoset(response.photoset);\n                                } else {\n                                    this._hideSpinner();\n                                    this._printError();\n                                }\n                            };\n\n                            this._flickrRequest = function(method, data) {\n                                var url = apiUrl + \"?format=json&jsoncallback=?&method=\" + method + \"&api_key=\" + this.settings.apiKey;\n                                $.each(data, function(key, value) {\n                                    url += \"&\" + key + \"=\" + value;\n                                });\n\n                                $.ajax({\n                                    dataType: \"json\",\n                                    url: url,\n                                    context: this,\n                                    success: this._onFlickrResponse\n                                });\n                            };\n\n                            this._flickrInit = function () {\n                                this._flickrRequest('flickr.photosets.getPhotos', {\n                                    photoset_id: this.settings.photosetId,\n                                    extras: 'media'\n                                });\n                            };\n\n                            this.init();\n                        }\n\n                        Plugin.prototype = {\n                            init: function () {\n                                this._flickrInit();\n                            }\n                        };\n\n                        $.fn[pluginName] = function (options) {\n                            this.each(function () {\n                                if (!$.data(this, \"plugin_\" + pluginName)) {\n                                    $.data(this, \"plugin_\" + pluginName, new Plugin(this, options));\n                                }\n                            });\n                            return this;\n                        };\n                    })(jQuery, window, document);\n                    <\/script>\n                    <div class=\"gallery-7345\">\n                                                    <h3>Gro\u00dfbrand Hallenbad Kostheim &#8211; 17.10.2023<\/h3>\n                                                <div class=\"row\">\n                            <div class=\"col-xs-12 spinner-wrapper\">\n                                <div class=\"LoadingImg\"><img decoding=\"async\" src=\"https:\/\/www.feuerwehrkostheim.de\/wp-content\/plugins\/flickr-album-gallery\/img\/loading.gif\" \/><\/div>\n                            <\/div>\n                            <div align=\"center\" class=\"gallery-container\"><\/div>\n                        <\/div>\n                    <\/div>\n                    \n            <!-- Blueimp gallery -->\n            <div id=\"blueimp-gallery-7345\" class=\"blueimp-gallery blueimp-gallery-controls\">\n                <div class=\"slides\"><\/div>\n                <h3 class=\"title\"><\/h3>\n                <a class=\"prev\">\u2039<\/a>\n                <a class=\"next\">\u203a<\/a>\n                <a class=\"close\">\u00d7<\/a>\n                <a class=\"play-pause\"><\/a>\n                <ol class=\"indicator\"><\/ol>\n                <div class=\"modal fade\">\n                    <div class=\"modal-dialog\">\n                        <div class=\"modal-content\">\n                            <div class=\"modal-header\">\n                                <button type=\"button\" class=\"close\" aria-hidden=\"true\">\u00d7<\/button>\n                                <h4 class=\"modal-title\"><\/h4>\n                            <\/div>\n                            <div class=\"modal-body next\"><\/div>\n                            <div class=\"modal-footer\">\n                                <button type=\"button\" class=\"btn btn-default pull-left prev\">\n                                    <i class=\"glyphicon glyphicon-chevron-left\"><\/i>\n                                    Previous                                <\/button>\n                                <button type=\"button\" class=\"btn btn-primary next\">\n                                    Next                                    <i class=\"glyphicon glyphicon-chevron-right\"><\/i>\n                                <\/button>\n                            <\/div>\n                        <\/div>\n                    <\/div>\n                <\/div>\n            <\/div>\n\n            <script type=\"text\/javascript\">\n            jQuery(function() {\n                jQuery.extend(blueimp.Gallery.prototype.options, {\n                    useBootstrapModal: false,\n                    hidePageScrollbars: false,\n                    container: \"#blueimp-gallery-7345\",\n                });\n            });\n            <\/script>\n\n            <\/p>\n","protected":false},"excerpt":{"rendered":"<p>&#x1f6a8; 80 \/ 2023&#x1f4c5; 17.10.23 \u2013 &#x1f556; 12:53 Uhr&#x1f4cd; Waldhofstra\u00dfe &#8211; Hallenbad&#x1f4df; F 3&#x26a0;&#xfe0f; Brennende Sauna Ein Gro\u00dfbrand im Bereich der innenliegenden Saunalandschaft ereignete sich am Dienstagmittag im Kostheimer Hallenbad. Aufgrund der Erstmeldung sowie den zu erwartenden Personen, die sich zum Zeitpunkt des Brandausbruches im Hallenbad befanden, wurden nicht nur eine h\u00f6here Einsatzstufe f\u00fcr die [&hellip;]<\/p>\n","protected":false},"author":1,"featured_media":0,"comment_status":"closed","ping_status":"open","sticky":false,"template":"","format":"standard","meta":{"_et_pb_use_builder":"","_et_pb_old_content":"","_et_gb_content_width":"","_crdt_document":"","footnotes":""},"categories":[4,5],"tags":[44,31,267,1647,111,1648],"class_list":["post-7342","post","type-post","status-publish","format-standard","hentry","category-einsatzabteilung","category-einsatze","tag-atemschutz","tag-feuer","tag-grosbrand","tag-hallenbad","tag-rauchentwicklung","tag-sauna"],"_links":{"self":[{"href":"https:\/\/www.feuerwehrkostheim.de\/index.php?rest_route=\/wp\/v2\/posts\/7342","targetHints":{"allow":["GET"]}}],"collection":[{"href":"https:\/\/www.feuerwehrkostheim.de\/index.php?rest_route=\/wp\/v2\/posts"}],"about":[{"href":"https:\/\/www.feuerwehrkostheim.de\/index.php?rest_route=\/wp\/v2\/types\/post"}],"author":[{"embeddable":true,"href":"https:\/\/www.feuerwehrkostheim.de\/index.php?rest_route=\/wp\/v2\/users\/1"}],"replies":[{"embeddable":true,"href":"https:\/\/www.feuerwehrkostheim.de\/index.php?rest_route=%2Fwp%2Fv2%2Fcomments&post=7342"}],"version-history":[{"count":7,"href":"https:\/\/www.feuerwehrkostheim.de\/index.php?rest_route=\/wp\/v2\/posts\/7342\/revisions"}],"predecessor-version":[{"id":7351,"href":"https:\/\/www.feuerwehrkostheim.de\/index.php?rest_route=\/wp\/v2\/posts\/7342\/revisions\/7351"}],"wp:attachment":[{"href":"https:\/\/www.feuerwehrkostheim.de\/index.php?rest_route=%2Fwp%2Fv2%2Fmedia&parent=7342"}],"wp:term":[{"taxonomy":"category","embeddable":true,"href":"https:\/\/www.feuerwehrkostheim.de\/index.php?rest_route=%2Fwp%2Fv2%2Fcategories&post=7342"},{"taxonomy":"post_tag","embeddable":true,"href":"https:\/\/www.feuerwehrkostheim.de\/index.php?rest_route=%2Fwp%2Fv2%2Ftags&post=7342"}],"curies":[{"name":"wp","href":"https:\/\/api.w.org\/{rel}","templated":true}]}}