{"id":7332,"date":"2023-10-09T19:17:34","date_gmt":"2023-10-09T18:17:34","guid":{"rendered":"https:\/\/www.feuerwehrkostheim.de\/?p=7332"},"modified":"2023-10-09T19:17:37","modified_gmt":"2023-10-09T18:17:37","slug":"brandverdacht-in-der-siedlung-9","status":"publish","type":"post","link":"https:\/\/www.feuerwehrkostheim.de\/?p=7332","title":{"rendered":"Brandverdacht in der Siedlung"},"content":{"rendered":"\n<p class=\"wp-block-paragraph\"><strong>&#x1f6a8; 77 \/ 2023<br>&#x1f4c5; 09.10.23 \u2013 &#x1f556; 13:33 Uhr<\/strong><br>&#x1f4cd;  Innsbrucker Stra\u00dfe<br>&#x1f4df; F 2<br>&#x26a0;&#xfe0f; Ausgel\u00f6ster Heimrauchmelder<\/p>\n\n\n\n<p class=\"wp-block-paragraph\">Die Kostheimer Feuerwehr r\u00fcckte am Montagmittag zu einem Brandverdacht in die Innsbrucker Stra\u00dfe aus. Da zusammen mit den anderen Feuerwehreinheiten trotz intensiver Erkundung kein Feuer festgestellt werden konnte, wurde der Einsatz nach kurzer Zeit wieder beendet.<\/p>\n","protected":false},"excerpt":{"rendered":"<p>&#x1f6a8; 77 \/ 2023&#x1f4c5; 09.10.23 \u2013 &#x1f556; 13:33 Uhr&#x1f4cd; Innsbrucker Stra\u00dfe&#x1f4df; F 2&#x26a0;&#xfe0f; Ausgel\u00f6ster Heimrauchmelder Die Kostheimer Feuerwehr r\u00fcckte am Montagmittag zu einem Brandverdacht in die Innsbrucker Stra\u00dfe aus. Da zusammen mit den anderen Feuerwehreinheiten trotz intensiver Erkundung kein Feuer festgestellt werden konnte, wurde der Einsatz nach kurzer Zeit wieder beendet.<\/p>\n","protected":false},"author":1,"featured_media":0,"comment_status":"closed","ping_status":"open","sticky":false,"template":"","format":"standard","meta":{"_et_pb_use_builder":"","_et_pb_old_content":"","_et_gb_content_width":"","_crdt_document":"","footnotes":""},"categories":[4,5],"tags":[110,112,1265,842],"class_list":["post-7332","post","type-post","status-publish","format-standard","hentry","category-einsatzabteilung","category-einsatze","tag-alarmgruppe","tag-brandverdacht","tag-f2","tag-heimrauchmelder"],"_links":{"self":[{"href":"https:\/\/www.feuerwehrkostheim.de\/index.php?rest_route=\/wp\/v2\/posts\/7332","targetHints":{"allow":["GET"]}}],"collection":[{"href":"https:\/\/www.feuerwehrkostheim.de\/index.php?rest_route=\/wp\/v2\/posts"}],"about":[{"href":"https:\/\/www.feuerwehrkostheim.de\/index.php?rest_route=\/wp\/v2\/types\/post"}],"author":[{"embeddable":true,"href":"https:\/\/www.feuerwehrkostheim.de\/index.php?rest_route=\/wp\/v2\/users\/1"}],"replies":[{"embeddable":true,"href":"https:\/\/www.feuerwehrkostheim.de\/index.php?rest_route=%2Fwp%2Fv2%2Fcomments&post=7332"}],"version-history":[{"count":1,"href":"https:\/\/www.feuerwehrkostheim.de\/index.php?rest_route=\/wp\/v2\/posts\/7332\/revisions"}],"predecessor-version":[{"id":7333,"href":"https:\/\/www.feuerwehrkostheim.de\/index.php?rest_route=\/wp\/v2\/posts\/7332\/revisions\/7333"}],"wp:attachment":[{"href":"https:\/\/www.feuerwehrkostheim.de\/index.php?rest_route=%2Fwp%2Fv2%2Fmedia&parent=7332"}],"wp:term":[{"taxonomy":"category","embeddable":true,"href":"https:\/\/www.feuerwehrkostheim.de\/index.php?rest_route=%2Fwp%2Fv2%2Fcategories&post=7332"},{"taxonomy":"post_tag","embeddable":true,"href":"https:\/\/www.feuerwehrkostheim.de\/index.php?rest_route=%2Fwp%2Fv2%2Ftags&post=7332"}],"curies":[{"name":"wp","href":"https:\/\/api.w.org\/{rel}","templated":true}]}}