{"id":7328,"date":"2023-10-08T15:47:24","date_gmt":"2023-10-08T14:47:24","guid":{"rendered":"https:\/\/www.feuerwehrkostheim.de\/?p=7328"},"modified":"2023-10-08T15:48:14","modified_gmt":"2023-10-08T14:48:14","slug":"verstaerkung-fuer-die-einsatzabteilung-3","status":"publish","type":"post","link":"https:\/\/www.feuerwehrkostheim.de\/?p=7328","title":{"rendered":"Verst\u00e4rkung f\u00fcr die Einsatzabteilung"},"content":{"rendered":"\n<figure class=\"wp-block-image alignright size-large is-resized\"><a href=\"https:\/\/www.feuerwehrkostheim.de\/wp-content\/uploads\/2023\/10\/2023-10-08-Grundlehrgang-scaled.jpg\" target=\"_blank\" rel=\"noreferrer noopener\"><img loading=\"lazy\" decoding=\"async\" width=\"1024\" height=\"768\" src=\"https:\/\/www.feuerwehrkostheim.de\/wp-content\/uploads\/2023\/10\/2023-10-08-Grundlehrgang-1024x768.jpg\" alt=\"\" class=\"wp-image-7327\" style=\"width:389px;height:auto\" srcset=\"https:\/\/www.feuerwehrkostheim.de\/wp-content\/uploads\/2023\/10\/2023-10-08-Grundlehrgang-980x735.jpg 980w, https:\/\/www.feuerwehrkostheim.de\/wp-content\/uploads\/2023\/10\/2023-10-08-Grundlehrgang-480x360.jpg 480w\" sizes=\"(min-width: 0px) and (max-width: 480px) 480px, (min-width: 481px) and (max-width: 980px) 980px, (min-width: 981px) 1024px, 100vw\" \/><\/a><\/figure>\n\n\n\n<p class=\"wp-block-paragraph\">Mit Bestehen der Abschlusspr\u00fcfung des Grundlehrganges am heutigen Sonntag, verst\u00e4rken Vanessa Scherning und Philipp Krimmel ab sofort die Einsatzabteilung der Kostheimer Feuerwehr. Im Grundlehrgang, der sich \u00fcber die vergangenen f\u00fcnf Wochenenden erstreckte, bekamen die Zwei neben den Grundkenntnissen des Feuerwehralltages auch einen erweiterten Erste-Hilfe-Anteil vermittelt. F\u00fcr Vanessa und Philipp, die beide schon lange Jahre in der Jugendfeuerwehr aktiv waren, beginnt nun ein neuer Abschnitt in ihrer Feuerwehrlaufbahn. Die Kostheimer Feuerwehr freut sich auf die Verst\u00e4rkung, gratuliert allen Teilnehmern des Lehrganges und w\u00fcnscht, dass alle stets gesund von ihren Eins\u00e4tzen zur\u00fcckkehren.<\/p>\n\n\n\n<p class=\"wp-block-paragraph\"><strong>Hast auch DU Lust auf Feuerwehr? Einfach mal reinschnuppern!<\/strong><\/p>\n\n\n\n<p class=\"wp-block-paragraph\">Wer sich ebenfalls f\u00fcr das etwas andere Hobby Feuerwehr interessiert, kann gerne einmal bei uns reinschnuppern. Es ist keine Voraussetzung, schon in jungen Jahren erst die Jugendfeuerwehr zu absolvieren um dann in die Einsatzabteilung zu wechseln &#8211; auch Quereinsteiger, die bis dato lediglich wussten, dass Feuerwehrautos rot sind, sind bei uns herzlich willkommen.<\/p>\n","protected":false},"excerpt":{"rendered":"<p>Mit Bestehen der Abschlusspr\u00fcfung des Grundlehrganges am heutigen Sonntag, verst\u00e4rken Vanessa Scherning und Philipp Krimmel ab sofort die Einsatzabteilung der Kostheimer Feuerwehr. Im Grundlehrgang, der sich \u00fcber die vergangenen f\u00fcnf Wochenenden erstreckte, bekamen die Zwei neben den Grundkenntnissen des Feuerwehralltages auch einen erweiterten Erste-Hilfe-Anteil vermittelt. F\u00fcr Vanessa und Philipp, die beide schon lange Jahre in [&hellip;]<\/p>\n","protected":false},"author":1,"featured_media":0,"comment_status":"closed","ping_status":"open","sticky":false,"template":"","format":"standard","meta":{"_et_pb_use_builder":"","_et_pb_old_content":"","_et_gb_content_width":"","_crdt_document":"","footnotes":""},"categories":[4],"tags":[827,129,1030,592],"class_list":["post-7328","post","type-post","status-publish","format-standard","hentry","category-einsatzabteilung","tag-einsatzabteilung","tag-grundlehrgang","tag-pruefung","tag-verstarkung"],"_links":{"self":[{"href":"https:\/\/www.feuerwehrkostheim.de\/index.php?rest_route=\/wp\/v2\/posts\/7328","targetHints":{"allow":["GET"]}}],"collection":[{"href":"https:\/\/www.feuerwehrkostheim.de\/index.php?rest_route=\/wp\/v2\/posts"}],"about":[{"href":"https:\/\/www.feuerwehrkostheim.de\/index.php?rest_route=\/wp\/v2\/types\/post"}],"author":[{"embeddable":true,"href":"https:\/\/www.feuerwehrkostheim.de\/index.php?rest_route=\/wp\/v2\/users\/1"}],"replies":[{"embeddable":true,"href":"https:\/\/www.feuerwehrkostheim.de\/index.php?rest_route=%2Fwp%2Fv2%2Fcomments&post=7328"}],"version-history":[{"count":3,"href":"https:\/\/www.feuerwehrkostheim.de\/index.php?rest_route=\/wp\/v2\/posts\/7328\/revisions"}],"predecessor-version":[{"id":7331,"href":"https:\/\/www.feuerwehrkostheim.de\/index.php?rest_route=\/wp\/v2\/posts\/7328\/revisions\/7331"}],"wp:attachment":[{"href":"https:\/\/www.feuerwehrkostheim.de\/index.php?rest_route=%2Fwp%2Fv2%2Fmedia&parent=7328"}],"wp:term":[{"taxonomy":"category","embeddable":true,"href":"https:\/\/www.feuerwehrkostheim.de\/index.php?rest_route=%2Fwp%2Fv2%2Fcategories&post=7328"},{"taxonomy":"post_tag","embeddable":true,"href":"https:\/\/www.feuerwehrkostheim.de\/index.php?rest_route=%2Fwp%2Fv2%2Ftags&post=7328"}],"curies":[{"name":"wp","href":"https:\/\/api.w.org\/{rel}","templated":true}]}}