{"id":7294,"date":"2023-09-26T15:30:23","date_gmt":"2023-09-26T14:30:23","guid":{"rendered":"https:\/\/www.feuerwehrkostheim.de\/?p=7294"},"modified":"2023-09-26T16:12:01","modified_gmt":"2023-09-26T15:12:01","slug":"feuer-im-keller-2","status":"publish","type":"post","link":"https:\/\/www.feuerwehrkostheim.de\/?p=7294","title":{"rendered":"Feuer im Keller"},"content":{"rendered":"\n<figure class=\"wp-block-image alignright size-large is-resized\"><a href=\"https:\/\/www.feuerwehrkostheim.de\/wp-content\/uploads\/2023\/09\/phonto.jpeg\" target=\"_blank\" rel=\"noreferrer noopener\"><img loading=\"lazy\" decoding=\"async\" width=\"1024\" height=\"740\" src=\"https:\/\/www.feuerwehrkostheim.de\/wp-content\/uploads\/2023\/09\/phonto-1024x740.jpeg\" alt=\"\" class=\"wp-image-7296\" style=\"width:347px;height:auto\" srcset=\"https:\/\/www.feuerwehrkostheim.de\/wp-content\/uploads\/2023\/09\/phonto-980x708.jpeg 980w, https:\/\/www.feuerwehrkostheim.de\/wp-content\/uploads\/2023\/09\/phonto-480x347.jpeg 480w\" sizes=\"(min-width: 0px) and (max-width: 480px) 480px, (min-width: 481px) and (max-width: 980px) 980px, (min-width: 981px) 1024px, 100vw\" \/><\/a><\/figure>\n\n\n\n<p class=\"wp-block-paragraph\"><strong>&#x1f6a8; 74 \/ 2023<br>&#x1f4c5; 25.09.23 \u2013 &#x1f556; 13:03 Uhr<\/strong><br>&#x1f4cd;  Flo\u00dfhafenstra\u00dfe<br>&#x1f4df;  F 2<br>&#x26a0;&#xfe0f; Kellerbrand.<\/p>\n\n\n\n<p class=\"wp-block-paragraph\">Am fr\u00fchen Montagmittag alarmierte die Wiesbadener Leitstelle die Feuerwehr Kostheim, die Kollegen aus Kastel sowie den L\u00f6schzug der Feuerwache 2 zu einer gemeldeten Rauchentwicklung aus dem Keller eines Mehrfamilienhauses in der Flo\u00dfhafenstra\u00dfe. Beim Eintreffen des ersten Kostheimer L\u00f6schfahrzeuges best\u00e4tigte sich die Meldung des Anrufers. Durch Erkundungsma\u00dfnahmen stellte sich heraus, dass sich das Feuer im Bereich des Kellers befindet. Gl\u00fccklicherweise befanden sich zum Einsatzzeitpunkt keine Personen im Geb\u00e4ude. Die Kostheimer Kameraden bauten die Wasserversorgung auf und ein Trupp ging unter Atemschutz in den Keller zur Brandbek\u00e4mpfung vor.\u00a0\u00a0<br><\/p>\n\n\n<p><!--more--><\/p>\n\n\n<p class=\"wp-block-paragraph\">Nachdem das Feuer gel\u00f6scht war, f\u00fchrte die Feuerwehr abschlie\u00dfend noch Bel\u00fcftungsma\u00dfnahmen durch, um das Geb\u00e4ude rauchfrei zu bekommen. Ein weiterer Trupp unter Atemschutz kontrollierte die Wohnungen auf Rauchfreiheit im Geb\u00e4ude. Nach 2 Stunden waren alle Kostheimer L\u00f6schfahrzeuge wieder aufger\u00fcstet am Standort eingetroffen.<br><\/p>\n","protected":false},"excerpt":{"rendered":"<p>&#x1f6a8; 74 \/ 2023&#x1f4c5; 25.09.23 \u2013 &#x1f556; 13:03 Uhr&#x1f4cd; Flo\u00dfhafenstra\u00dfe&#x1f4df; F 2&#x26a0;&#xfe0f; Kellerbrand. Am fr\u00fchen Montagmittag alarmierte die Wiesbadener Leitstelle die Feuerwehr Kostheim, die Kollegen aus Kastel sowie den L\u00f6schzug der Feuerwache 2 zu einer gemeldeten Rauchentwicklung aus dem Keller eines Mehrfamilienhauses in der Flo\u00dfhafenstra\u00dfe. Beim Eintreffen des ersten Kostheimer L\u00f6schfahrzeuges best\u00e4tigte sich die Meldung [&hellip;]<\/p>\n","protected":false},"author":5,"featured_media":0,"comment_status":"closed","ping_status":"open","sticky":false,"template":"","format":"standard","meta":{"_et_pb_use_builder":"","_et_pb_old_content":"","_et_gb_content_width":"","_crdt_document":"","footnotes":""},"categories":[4,5],"tags":[110,50,1265,31,206],"class_list":["post-7294","post","type-post","status-publish","format-standard","hentry","category-einsatzabteilung","category-einsatze","tag-alarmgruppe","tag-brand","tag-f2","tag-feuer","tag-kellerbrand"],"_links":{"self":[{"href":"https:\/\/www.feuerwehrkostheim.de\/index.php?rest_route=\/wp\/v2\/posts\/7294","targetHints":{"allow":["GET"]}}],"collection":[{"href":"https:\/\/www.feuerwehrkostheim.de\/index.php?rest_route=\/wp\/v2\/posts"}],"about":[{"href":"https:\/\/www.feuerwehrkostheim.de\/index.php?rest_route=\/wp\/v2\/types\/post"}],"author":[{"embeddable":true,"href":"https:\/\/www.feuerwehrkostheim.de\/index.php?rest_route=\/wp\/v2\/users\/5"}],"replies":[{"embeddable":true,"href":"https:\/\/www.feuerwehrkostheim.de\/index.php?rest_route=%2Fwp%2Fv2%2Fcomments&post=7294"}],"version-history":[{"count":3,"href":"https:\/\/www.feuerwehrkostheim.de\/index.php?rest_route=\/wp\/v2\/posts\/7294\/revisions"}],"predecessor-version":[{"id":7301,"href":"https:\/\/www.feuerwehrkostheim.de\/index.php?rest_route=\/wp\/v2\/posts\/7294\/revisions\/7301"}],"wp:attachment":[{"href":"https:\/\/www.feuerwehrkostheim.de\/index.php?rest_route=%2Fwp%2Fv2%2Fmedia&parent=7294"}],"wp:term":[{"taxonomy":"category","embeddable":true,"href":"https:\/\/www.feuerwehrkostheim.de\/index.php?rest_route=%2Fwp%2Fv2%2Fcategories&post=7294"},{"taxonomy":"post_tag","embeddable":true,"href":"https:\/\/www.feuerwehrkostheim.de\/index.php?rest_route=%2Fwp%2Fv2%2Ftags&post=7294"}],"curies":[{"name":"wp","href":"https:\/\/api.w.org\/{rel}","templated":true}]}}