{"id":7277,"date":"2023-09-17T15:11:36","date_gmt":"2023-09-17T14:11:36","guid":{"rendered":"https:\/\/www.feuerwehrkostheim.de\/?p=7277"},"modified":"2023-09-17T15:13:17","modified_gmt":"2023-09-17T14:13:17","slug":"massive-rauchentwicklung-ueber-der-maaraue","status":"publish","type":"post","link":"https:\/\/www.feuerwehrkostheim.de\/?p=7277","title":{"rendered":"Rauchentwicklung \u00fcber der Maaraue"},"content":{"rendered":"\n<figure class=\"wp-block-image alignright size-large is-resized\"><a href=\"https:\/\/www.feuerwehrkostheim.de\/wp-content\/uploads\/2023\/09\/2023-09-16-Maaraue-Rauch-scaled.jpg\" target=\"_blank\" rel=\"noreferrer noopener\"><img loading=\"lazy\" decoding=\"async\" width=\"1024\" height=\"768\" src=\"https:\/\/www.feuerwehrkostheim.de\/wp-content\/uploads\/2023\/09\/2023-09-16-Maaraue-Rauch-1024x768.jpg\" alt=\"\" class=\"wp-image-7278\" style=\"width:391px;height:auto\" srcset=\"https:\/\/www.feuerwehrkostheim.de\/wp-content\/uploads\/2023\/09\/2023-09-16-Maaraue-Rauch-980x735.jpg 980w, https:\/\/www.feuerwehrkostheim.de\/wp-content\/uploads\/2023\/09\/2023-09-16-Maaraue-Rauch-480x360.jpg 480w\" sizes=\"(min-width: 0px) and (max-width: 480px) 480px, (min-width: 481px) and (max-width: 980px) 980px, (min-width: 981px) 1024px, 100vw\" \/><\/a><\/figure>\n\n\n\n<p class=\"wp-block-paragraph\"><strong>&#x1f6a8; 73 \/ 2023<br>&#x1f4c5; 16.09.23 \u2013 &#x1f556; 18:33 Uhr<\/strong><br>&#x1f4cd;    Maaraue<br>&#x1f4df;  F 1 L-WASSER<br>&#x26a0;&#xfe0f; Rauchentwicklung<\/p>\n\n\n\n<p class=\"wp-block-paragraph\">Das Kostheimer Gespann bestehend aus MTF und Bootstrailer war gerade auf der R\u00fcckfahrt vom Wasserrettungseinsatz in Schierstein, als ihnen \u00fcber Funk ein Folgeeinsatz \u00fcbertragen wurde. Zusammen mit zwei L\u00f6schfahrzeugen der Feuerwache 2 steuerte man die Maaraue an, da von dort eine gr\u00f6\u00dfere Rauchentwicklung gemeldet war. Parallel r\u00fcckten auch die noch im Ger\u00e4tehaus befindlichen Kameraden aus Kostheim mit dem L\u00f6schfahrzeug aus. Auf der Maininsel angekommen, war die Rauchentwicklung im Bereich der Kleing\u00e4rten zwar festzustellen, jedoch eine Lokalisierung zu Beginn aufgrund der Weitl\u00e4ufigkeit kompliziert. W\u00e4hrend ein Teil der Einheiten \u00fcber die drei Parkpl\u00e4tze das Kleingartengel\u00e4nde ansteuerte, fuhren die mit dem Bootstrailer anger\u00fcckten Kameraden \u00fcber die gesperrte Zufahrt am Freibad an. Letztendlich konnte aber Entwarnung gegeben werden &#8211; als Ursache wurde ein umfangreich best\u00fcckter Grill ausfindig gemacht werden. Somit brach man den Einsatz ab und r\u00fcckte unverrichteter Dinge wieder ein.<\/p>\n","protected":false},"excerpt":{"rendered":"<p>&#x1f6a8; 73 \/ 2023&#x1f4c5; 16.09.23 \u2013 &#x1f556; 18:33 Uhr&#x1f4cd; Maaraue&#x1f4df; F 1 L-WASSER&#x26a0;&#xfe0f; Rauchentwicklung Das Kostheimer Gespann bestehend aus MTF und Bootstrailer war gerade auf der R\u00fcckfahrt vom Wasserrettungseinsatz in Schierstein, als ihnen \u00fcber Funk ein Folgeeinsatz \u00fcbertragen wurde. Zusammen mit zwei L\u00f6schfahrzeugen der Feuerwache 2 steuerte man die Maaraue an, da von dort eine [&hellip;]<\/p>\n","protected":false},"author":1,"featured_media":0,"comment_status":"closed","ping_status":"open","sticky":false,"template":"","format":"standard","meta":{"_et_pb_use_builder":"","_et_pb_old_content":"","_et_gb_content_width":"","_crdt_document":"","footnotes":""},"categories":[4,5],"tags":[1342,113,248,1643,61,298,111],"class_list":["post-7277","post","type-post","status-publish","format-standard","hentry","category-einsatzabteilung","category-einsatze","tag-f1l-wasser","tag-fehlalarm","tag-grill","tag-kleingaerten","tag-kleingartenanlage","tag-maaraue","tag-rauchentwicklung"],"_links":{"self":[{"href":"https:\/\/www.feuerwehrkostheim.de\/index.php?rest_route=\/wp\/v2\/posts\/7277","targetHints":{"allow":["GET"]}}],"collection":[{"href":"https:\/\/www.feuerwehrkostheim.de\/index.php?rest_route=\/wp\/v2\/posts"}],"about":[{"href":"https:\/\/www.feuerwehrkostheim.de\/index.php?rest_route=\/wp\/v2\/types\/post"}],"author":[{"embeddable":true,"href":"https:\/\/www.feuerwehrkostheim.de\/index.php?rest_route=\/wp\/v2\/users\/1"}],"replies":[{"embeddable":true,"href":"https:\/\/www.feuerwehrkostheim.de\/index.php?rest_route=%2Fwp%2Fv2%2Fcomments&post=7277"}],"version-history":[{"count":2,"href":"https:\/\/www.feuerwehrkostheim.de\/index.php?rest_route=\/wp\/v2\/posts\/7277\/revisions"}],"predecessor-version":[{"id":7280,"href":"https:\/\/www.feuerwehrkostheim.de\/index.php?rest_route=\/wp\/v2\/posts\/7277\/revisions\/7280"}],"wp:attachment":[{"href":"https:\/\/www.feuerwehrkostheim.de\/index.php?rest_route=%2Fwp%2Fv2%2Fmedia&parent=7277"}],"wp:term":[{"taxonomy":"category","embeddable":true,"href":"https:\/\/www.feuerwehrkostheim.de\/index.php?rest_route=%2Fwp%2Fv2%2Fcategories&post=7277"},{"taxonomy":"post_tag","embeddable":true,"href":"https:\/\/www.feuerwehrkostheim.de\/index.php?rest_route=%2Fwp%2Fv2%2Ftags&post=7277"}],"curies":[{"name":"wp","href":"https:\/\/api.w.org\/{rel}","templated":true}]}}