{"id":7262,"date":"2023-09-06T15:44:28","date_gmt":"2023-09-06T14:44:28","guid":{"rendered":"https:\/\/www.feuerwehrkostheim.de\/?p=7262"},"modified":"2023-09-10T11:05:29","modified_gmt":"2023-09-10T10:05:29","slug":"entstehungsbrand-schnell-geloescht-3","status":"publish","type":"post","link":"https:\/\/www.feuerwehrkostheim.de\/?p=7262","title":{"rendered":"Entstehungsbrand schnell gel\u00f6scht"},"content":{"rendered":"\n<p class=\"wp-block-paragraph\"><strong>&#x1f6a8; 68 \/ 2023<br>&#x1f4c5; 04.09.23 \u2013 &#x1f556; 14:50 Uhr<\/strong><br>&#x1f4cd; Peter-Sander-Stra\u00dfe<br>&#x1f4df; F 2<br>&#x26a0;&#xfe0f; Feuer auf dem Dach<\/p>\n\n\n\n<p class=\"wp-block-paragraph\">Am Montagnachmittag musste die Feuerwehr zu einem gemeldeten Feuer auf einem Dach in der Peter-Sander-Stra\u00dfe ausr\u00fccken. Nach Eintreffen des ersten Kostheimer L\u00f6schfahrzeuges konnte gl\u00fccklicher Weise schnell Entwarnung gegeben werden. Der Entstehungsbrand im Bereich von auf dem Dach gelagerten D\u00e4mmmaterial konnte durch die dort t\u00e4tige Firma bereits erfolgreich gel\u00f6scht werden. Auch die \u00dcberpr\u00fcfung mittels einer W\u00e4rmebildkamera verlief negativ, sodass der Einsatz &#8211; zu dem der L\u00f6schzug der Feuerwache 1 sowie die Kameraden aus Kastel ebenfalls alarmiert waren &#8211; kurze Zeit sp\u00e4ter wieder beendet werden konnte.<\/p>\n","protected":false},"excerpt":{"rendered":"<p>&#x1f6a8; 68 \/ 2023&#x1f4c5; 04.09.23 \u2013 &#x1f556; 14:50 Uhr&#x1f4cd; Peter-Sander-Stra\u00dfe&#x1f4df; F 2&#x26a0;&#xfe0f; Feuer auf dem Dach Am Montagnachmittag musste die Feuerwehr zu einem gemeldeten Feuer auf einem Dach in der Peter-Sander-Stra\u00dfe ausr\u00fccken. Nach Eintreffen des ersten Kostheimer L\u00f6schfahrzeuges konnte gl\u00fccklicher Weise schnell Entwarnung gegeben werden. Der Entstehungsbrand im Bereich von auf dem Dach gelagerten D\u00e4mmmaterial [&hellip;]<\/p>\n","protected":false},"author":1,"featured_media":0,"comment_status":"closed","ping_status":"open","sticky":false,"template":"","format":"standard","meta":{"_et_pb_use_builder":"off","_et_pb_old_content":"","_et_gb_content_width":"","_crdt_document":"","footnotes":""},"categories":[4,5],"tags":[110,527,1265,31,666,900],"class_list":["post-7262","post","type-post","status-publish","format-standard","hentry","category-einsatzabteilung","category-einsatze","tag-alarmgruppe","tag-dach","tag-f2","tag-feuer","tag-geloscht","tag-isolierung"],"_links":{"self":[{"href":"https:\/\/www.feuerwehrkostheim.de\/index.php?rest_route=\/wp\/v2\/posts\/7262","targetHints":{"allow":["GET"]}}],"collection":[{"href":"https:\/\/www.feuerwehrkostheim.de\/index.php?rest_route=\/wp\/v2\/posts"}],"about":[{"href":"https:\/\/www.feuerwehrkostheim.de\/index.php?rest_route=\/wp\/v2\/types\/post"}],"author":[{"embeddable":true,"href":"https:\/\/www.feuerwehrkostheim.de\/index.php?rest_route=\/wp\/v2\/users\/1"}],"replies":[{"embeddable":true,"href":"https:\/\/www.feuerwehrkostheim.de\/index.php?rest_route=%2Fwp%2Fv2%2Fcomments&post=7262"}],"version-history":[{"count":1,"href":"https:\/\/www.feuerwehrkostheim.de\/index.php?rest_route=\/wp\/v2\/posts\/7262\/revisions"}],"predecessor-version":[{"id":7263,"href":"https:\/\/www.feuerwehrkostheim.de\/index.php?rest_route=\/wp\/v2\/posts\/7262\/revisions\/7263"}],"wp:attachment":[{"href":"https:\/\/www.feuerwehrkostheim.de\/index.php?rest_route=%2Fwp%2Fv2%2Fmedia&parent=7262"}],"wp:term":[{"taxonomy":"category","embeddable":true,"href":"https:\/\/www.feuerwehrkostheim.de\/index.php?rest_route=%2Fwp%2Fv2%2Fcategories&post=7262"},{"taxonomy":"post_tag","embeddable":true,"href":"https:\/\/www.feuerwehrkostheim.de\/index.php?rest_route=%2Fwp%2Fv2%2Ftags&post=7262"}],"curies":[{"name":"wp","href":"https:\/\/api.w.org\/{rel}","templated":true}]}}