{"id":7206,"date":"2023-08-15T13:55:00","date_gmt":"2023-08-15T12:55:00","guid":{"rendered":"https:\/\/www.feuerwehrkostheim.de\/?p=7206"},"modified":"2023-08-15T13:55:04","modified_gmt":"2023-08-15T12:55:04","slug":"brandverdacht-in-der-eichenstrasse-2","status":"publish","type":"post","link":"https:\/\/www.feuerwehrkostheim.de\/?p=7206","title":{"rendered":"Brandverdacht in der Eichenstra\u00dfe"},"content":{"rendered":"\n<p class=\"wp-block-paragraph\"><strong>&#x1f6a8; 60 \/ 2023<br>&#x1f4c5; 11.08.23 \u2013 &#x1f556; 21:17 Uhr<\/strong><br>&#x1f4cd; Eichenstra\u00dfe<br>&#x1f4df; F 1<br>&#x26a0;&#xfe0f; Rauchentwicklung und Brandgeruch<\/p>\n\n\n\n<p class=\"wp-block-paragraph\">Nach dem freit\u00e4glichen \u00dcbungsdienst der Einsatzabteilung war man gerade dabei, sich wieder im Feuerwehrger\u00e4tehaus zu versammeln, als gegen 21:15 Uhr die Pager der Feuerwehr Kostheim ausgel\u00f6st wurden. Grund f\u00fcr die Alarmierung war die Meldung \u00fcber Brandgeruch und Rauchentwicklung im Bereich der Eichenstra\u00dfe. Trotz des Alarmstichwortes F1 r\u00fcckte man in kurzen Abst\u00e4nden mit allen drei Einsatzfahrzeugen aus, um die Lage vor Ort zu erkunden. Zwar konnte die Meldung des Notrufes best\u00e4tigt werden, eine genauere Lokalisierung der Herkunft war trotz intensiver Suche auch des erweiterten Umfeldes nicht m\u00f6glich. Der Einsatz wurde nach einer halben Stunde ergebnislos abgebrochen. Weitere Kr\u00e4fte waren nicht nach Kostheim entsandt, da parallel ein Verkehrsunfall auf der Autobahn abgearbeitet werden musste.<\/p>\n","protected":false},"excerpt":{"rendered":"<p>&#x1f6a8; 60 \/ 2023&#x1f4c5; 11.08.23 \u2013 &#x1f556; 21:17 Uhr&#x1f4cd; Eichenstra\u00dfe&#x1f4df; F 1&#x26a0;&#xfe0f; Rauchentwicklung und Brandgeruch Nach dem freit\u00e4glichen \u00dcbungsdienst der Einsatzabteilung war man gerade dabei, sich wieder im Feuerwehrger\u00e4tehaus zu versammeln, als gegen 21:15 Uhr die Pager der Feuerwehr Kostheim ausgel\u00f6st wurden. Grund f\u00fcr die Alarmierung war die Meldung \u00fcber Brandgeruch und Rauchentwicklung im Bereich [&hellip;]<\/p>\n","protected":false},"author":1,"featured_media":0,"comment_status":"closed","ping_status":"open","sticky":false,"template":"","format":"standard","meta":{"_et_pb_use_builder":"off","_et_pb_old_content":"","_et_gb_content_width":"","_crdt_document":"","footnotes":""},"categories":[4,5],"tags":[178,1262,380,1516],"class_list":["post-7206","post","type-post","status-publish","format-standard","hentry","category-einsatzabteilung","category-einsatze","tag-brandgeruch","tag-f1","tag-kontrolle","tag-unklar"],"_links":{"self":[{"href":"https:\/\/www.feuerwehrkostheim.de\/index.php?rest_route=\/wp\/v2\/posts\/7206","targetHints":{"allow":["GET"]}}],"collection":[{"href":"https:\/\/www.feuerwehrkostheim.de\/index.php?rest_route=\/wp\/v2\/posts"}],"about":[{"href":"https:\/\/www.feuerwehrkostheim.de\/index.php?rest_route=\/wp\/v2\/types\/post"}],"author":[{"embeddable":true,"href":"https:\/\/www.feuerwehrkostheim.de\/index.php?rest_route=\/wp\/v2\/users\/1"}],"replies":[{"embeddable":true,"href":"https:\/\/www.feuerwehrkostheim.de\/index.php?rest_route=%2Fwp%2Fv2%2Fcomments&post=7206"}],"version-history":[{"count":1,"href":"https:\/\/www.feuerwehrkostheim.de\/index.php?rest_route=\/wp\/v2\/posts\/7206\/revisions"}],"predecessor-version":[{"id":7207,"href":"https:\/\/www.feuerwehrkostheim.de\/index.php?rest_route=\/wp\/v2\/posts\/7206\/revisions\/7207"}],"wp:attachment":[{"href":"https:\/\/www.feuerwehrkostheim.de\/index.php?rest_route=%2Fwp%2Fv2%2Fmedia&parent=7206"}],"wp:term":[{"taxonomy":"category","embeddable":true,"href":"https:\/\/www.feuerwehrkostheim.de\/index.php?rest_route=%2Fwp%2Fv2%2Fcategories&post=7206"},{"taxonomy":"post_tag","embeddable":true,"href":"https:\/\/www.feuerwehrkostheim.de\/index.php?rest_route=%2Fwp%2Fv2%2Ftags&post=7206"}],"curies":[{"name":"wp","href":"https:\/\/api.w.org\/{rel}","templated":true}]}}