{"id":7202,"date":"2023-08-10T11:09:54","date_gmt":"2023-08-10T10:09:54","guid":{"rendered":"https:\/\/www.feuerwehrkostheim.de\/?p=7202"},"modified":"2023-08-10T11:09:56","modified_gmt":"2023-08-10T10:09:56","slug":"brandverdacht-in-der-siedlung-8","status":"publish","type":"post","link":"https:\/\/www.feuerwehrkostheim.de\/?p=7202","title":{"rendered":"Brandverdacht in der Siedlung"},"content":{"rendered":"\n<p class=\"wp-block-paragraph\"><strong>&#x1f6a8; 58 \/ 2023<br>&#x1f4c5; 09.08.23 \u2013 &#x1f556; 16:37 Uhr<\/strong><br>&#x1f4cd;  Bischofsheimer Stra\u00dfe<br>&#x1f4df; F 2<br>&#x26a0;&#xfe0f; Brandverdacht<\/p>\n\n\n\n<p class=\"wp-block-paragraph\">Ein ausgel\u00f6ster Heimrauchmelder in Verbindung mit Brandgeruch sorgte am Mittwochnachmittag f\u00fcr einen Einsatz der Feuerwehr in der Bischofsheimer Stra\u00dfe. Nach Eintreffen des ersten L\u00f6schfahrzeuges der Kostheimer Wehr wurde der Fahrzeugf\u00fchrer bereits vom Bewohner in Empfang genommen. Bei der \u00dcberpr\u00fcfung konnte festgestellt werden, dass es sich nicht um ein offenes Feuer, sondern um eine zu hei\u00df gewordene und mit \u00d6l bedeckte Pfanne handelte. Die K\u00fcche wurde vorsorglich mit der W\u00e4rmebildkamera \u00fcberpr\u00fcft und die Wohnung quer gel\u00fcftet. Die ebenfalls anger\u00fcckten Kr\u00e4fte der Kollegen aus Kastel sowie des L\u00f6schzuges der Berufsfeuerwehr mussten nicht unterst\u00fctzend t\u00e4tig werden.<\/p>\n","protected":false},"excerpt":{"rendered":"<p>&#x1f6a8; 58 \/ 2023&#x1f4c5; 09.08.23 \u2013 &#x1f556; 16:37 Uhr&#x1f4cd; Bischofsheimer Stra\u00dfe&#x1f4df; F 2&#x26a0;&#xfe0f; Brandverdacht Ein ausgel\u00f6ster Heimrauchmelder in Verbindung mit Brandgeruch sorgte am Mittwochnachmittag f\u00fcr einen Einsatz der Feuerwehr in der Bischofsheimer Stra\u00dfe. Nach Eintreffen des ersten L\u00f6schfahrzeuges der Kostheimer Wehr wurde der Fahrzeugf\u00fchrer bereits vom Bewohner in Empfang genommen. Bei der \u00dcberpr\u00fcfung konnte festgestellt [&hellip;]<\/p>\n","protected":false},"author":1,"featured_media":0,"comment_status":"closed","ping_status":"open","sticky":false,"template":"","format":"standard","meta":{"_et_pb_use_builder":"off","_et_pb_old_content":"","_et_gb_content_width":"","_crdt_document":"","footnotes":""},"categories":[4,5],"tags":[110,178,112,1265,842,159,1629],"class_list":["post-7202","post","type-post","status-publish","format-standard","hentry","category-einsatzabteilung","category-einsatze","tag-alarmgruppe","tag-brandgeruch","tag-brandverdacht","tag-f2","tag-heimrauchmelder","tag-kochgut","tag-pfanne"],"_links":{"self":[{"href":"https:\/\/www.feuerwehrkostheim.de\/index.php?rest_route=\/wp\/v2\/posts\/7202","targetHints":{"allow":["GET"]}}],"collection":[{"href":"https:\/\/www.feuerwehrkostheim.de\/index.php?rest_route=\/wp\/v2\/posts"}],"about":[{"href":"https:\/\/www.feuerwehrkostheim.de\/index.php?rest_route=\/wp\/v2\/types\/post"}],"author":[{"embeddable":true,"href":"https:\/\/www.feuerwehrkostheim.de\/index.php?rest_route=\/wp\/v2\/users\/1"}],"replies":[{"embeddable":true,"href":"https:\/\/www.feuerwehrkostheim.de\/index.php?rest_route=%2Fwp%2Fv2%2Fcomments&post=7202"}],"version-history":[{"count":1,"href":"https:\/\/www.feuerwehrkostheim.de\/index.php?rest_route=\/wp\/v2\/posts\/7202\/revisions"}],"predecessor-version":[{"id":7203,"href":"https:\/\/www.feuerwehrkostheim.de\/index.php?rest_route=\/wp\/v2\/posts\/7202\/revisions\/7203"}],"wp:attachment":[{"href":"https:\/\/www.feuerwehrkostheim.de\/index.php?rest_route=%2Fwp%2Fv2%2Fmedia&parent=7202"}],"wp:term":[{"taxonomy":"category","embeddable":true,"href":"https:\/\/www.feuerwehrkostheim.de\/index.php?rest_route=%2Fwp%2Fv2%2Fcategories&post=7202"},{"taxonomy":"post_tag","embeddable":true,"href":"https:\/\/www.feuerwehrkostheim.de\/index.php?rest_route=%2Fwp%2Fv2%2Ftags&post=7202"}],"curies":[{"name":"wp","href":"https:\/\/api.w.org\/{rel}","templated":true}]}}