{"id":7172,"date":"2023-07-11T14:37:05","date_gmt":"2023-07-11T13:37:05","guid":{"rendered":"https:\/\/www.feuerwehrkostheim.de\/?p=7172"},"modified":"2023-07-11T14:37:08","modified_gmt":"2023-07-11T13:37:08","slug":"brueckensprung-loest-feuerwehreinsatz-aus","status":"publish","type":"post","link":"https:\/\/www.feuerwehrkostheim.de\/?p=7172","title":{"rendered":"Br\u00fcckensprung l\u00f6st Feuerwehreinsatz aus"},"content":{"rendered":"\n<p class=\"wp-block-paragraph\"><strong>&#x1f6a8; 54 \/ 2023<br>&#x1f4c5; 11.07.23 \u2013 &#x1f556; 00:18 Uhr<\/strong><br>&#x1f4cd; Rhein &#8211; TH-Br\u00fccke<br>&#x1f4df; H FLUSS Y<br>&#x26a0;&#xfe0f; Person im Wasser<\/p>\n\n\n\n<p class=\"wp-block-paragraph\">Kurz nach Mitternacht wurden aufgrund der Meldung, dass eine Person von der Theodor-Heuss-Br\u00fccke gesprungen sein, die Wasserrettungseinheiten beider Landeshauptst\u00e4dte alarmiert. Auch die Kostheimer Wehr war alarmiert und steuerte mit ihrem Boot die Einsatzstelle an. Nach wenigen Minuten konnte \u00fcber die Kr\u00e4fte der Polizei ermittelt werden, dass es sich scheinbar um einen gezielten Sprung von der Br\u00fccke handelte und die Person kurze Zeit sp\u00e4ter auf Mainzer Seite wieder aus dem Wasser gestiegen ist. Da die Person sich direkt entfernte und keine direkte Befragung stattfinden konnte, war davon auszugehen, dass es sich um eine fahrl\u00e4ssige Abk\u00fchlung bei den warmen Nachtemperaturen handelte. Der Einsatz der Rettungseinheiten konnte somit abgebrochen werden.<\/p>\n","protected":false},"excerpt":{"rendered":"<p>&#x1f6a8; 54 \/ 2023&#x1f4c5; 11.07.23 \u2013 &#x1f556; 00:18 Uhr&#x1f4cd; Rhein &#8211; TH-Br\u00fccke&#x1f4df; H FLUSS Y&#x26a0;&#xfe0f; Person im Wasser Kurz nach Mitternacht wurden aufgrund der Meldung, dass eine Person von der Theodor-Heuss-Br\u00fccke gesprungen sein, die Wasserrettungseinheiten beider Landeshauptst\u00e4dte alarmiert. Auch die Kostheimer Wehr war alarmiert und steuerte mit ihrem Boot die Einsatzstelle an. Nach wenigen Minuten [&hellip;]<\/p>\n","protected":false},"author":1,"featured_media":0,"comment_status":"closed","ping_status":"open","sticky":false,"template":"","format":"standard","meta":{"_et_pb_use_builder":"off","_et_pb_old_content":"","_et_gb_content_width":"","_crdt_document":"","footnotes":""},"categories":[5],"tags":[1266,470,520,1334],"class_list":["post-7172","post","type-post","status-publish","format-standard","hentry","category-einsatze","tag-hflussy","tag-person","tag-rhein","tag-sprung"],"_links":{"self":[{"href":"https:\/\/www.feuerwehrkostheim.de\/index.php?rest_route=\/wp\/v2\/posts\/7172","targetHints":{"allow":["GET"]}}],"collection":[{"href":"https:\/\/www.feuerwehrkostheim.de\/index.php?rest_route=\/wp\/v2\/posts"}],"about":[{"href":"https:\/\/www.feuerwehrkostheim.de\/index.php?rest_route=\/wp\/v2\/types\/post"}],"author":[{"embeddable":true,"href":"https:\/\/www.feuerwehrkostheim.de\/index.php?rest_route=\/wp\/v2\/users\/1"}],"replies":[{"embeddable":true,"href":"https:\/\/www.feuerwehrkostheim.de\/index.php?rest_route=%2Fwp%2Fv2%2Fcomments&post=7172"}],"version-history":[{"count":1,"href":"https:\/\/www.feuerwehrkostheim.de\/index.php?rest_route=\/wp\/v2\/posts\/7172\/revisions"}],"predecessor-version":[{"id":7173,"href":"https:\/\/www.feuerwehrkostheim.de\/index.php?rest_route=\/wp\/v2\/posts\/7172\/revisions\/7173"}],"wp:attachment":[{"href":"https:\/\/www.feuerwehrkostheim.de\/index.php?rest_route=%2Fwp%2Fv2%2Fmedia&parent=7172"}],"wp:term":[{"taxonomy":"category","embeddable":true,"href":"https:\/\/www.feuerwehrkostheim.de\/index.php?rest_route=%2Fwp%2Fv2%2Fcategories&post=7172"},{"taxonomy":"post_tag","embeddable":true,"href":"https:\/\/www.feuerwehrkostheim.de\/index.php?rest_route=%2Fwp%2Fv2%2Ftags&post=7172"}],"curies":[{"name":"wp","href":"https:\/\/api.w.org\/{rel}","templated":true}]}}