{"id":7167,"date":"2023-07-04T20:50:29","date_gmt":"2023-07-04T19:50:29","guid":{"rendered":"https:\/\/www.feuerwehrkostheim.de\/?p=7167"},"modified":"2023-07-04T20:50:51","modified_gmt":"2023-07-04T19:50:51","slug":"wohnung-im-vollbrand","status":"publish","type":"post","link":"https:\/\/www.feuerwehrkostheim.de\/?p=7167","title":{"rendered":"Wohnung im Vollbrand"},"content":{"rendered":"\n<figure class=\"wp-block-image alignright size-large is-resized\"><a href=\"https:\/\/www.feuerwehrkostheim.de\/wp-content\/uploads\/2023\/07\/2023-07-04-Wohungsbrand-Kastel-scaled.jpeg\" target=\"_blank\" rel=\"noreferrer noopener\"><img loading=\"lazy\" decoding=\"async\" src=\"https:\/\/www.feuerwehrkostheim.de\/wp-content\/uploads\/2023\/07\/2023-07-04-Wohungsbrand-Kastel-1024x768.jpeg\" alt=\"\" class=\"wp-image-7165\" width=\"439\" height=\"329\"\/><\/a><\/figure>\n\n\n\n<p class=\"wp-block-paragraph\"><strong>&#x1f6a8; 53 \/ 2023<br>&#x1f4c5; 04.07.23 \u2013 &#x1f556; 16:51 Uhr<\/strong><br>&#x1f4cd; Anton-Zeeh-Stra\u00dfe \u2013 Kastel<br>&#x1f4df; F 2<br>&#x26a0;&#xfe0f; Wohnungsbrand<\/p>\n\n\n\n<p class=\"wp-block-paragraph\">Parallel zu einem ohnehin kr\u00e4fteintensiven Fl\u00e4chenbrand im Wiesbadener S\u00fcdosten, kam es am Dienstagnachmittag zu einem Wohnungsbrand in der Anton-Zeeh-Stra\u00dfe. Neben der Drehleiter der Wache 2 sowie dem Einsatzleitdienst von der Innenstadtwache r\u00fcckten auch die Freiwilligen Wehren Delkenheim, Bierstadt, Kastel und Kostheim zum gemeldeten Einsatzort aus. Vor Ort eingetroffen drang dichter Rauch aus der Wohnung im ersten Obergeschoss, sodass die Brandbek\u00e4mpfung unmittelbar eingeleitet wurde. Da Anfangs noch unklar war, ob sich noch Bewohner in dem Geb\u00e4ude aufhielten, lag der Fokus des Innenangriffs in der ersten Phase bei der Suche nach Personen. Dies wurde von zwei Trupps unter Atemschutz sowie jeweils einem C-Rohr durchgef\u00fchrt. Zeitgleich brachte man die Drehleiter in Stellung und beorderte einen weiteren Trupp unter Atemschutz zur Brandbek\u00e4mpfung von au\u00dfen eingesetzt. Die in Vollbrand stehende Wohnung konnte somit schnell gel\u00f6scht werden.<\/p>\n\n\n\n<div style=\"height:20px\" aria-hidden=\"true\" class=\"wp-block-spacer\"><\/div>\n\n\n\n<!--more-->\n\n\n\n<p class=\"wp-block-paragraph\">Da sich der gef\u00e4hrliche Rauch im Geb\u00e4ude gro\u00dffl\u00e4chig verteilt hatte, mussten im Anschluss an die L\u00f6schma\u00dfnahmen umfangreiche Kontrollen der insgesamt 21 Wohneinheiten in dem Haus durchgef\u00fchrt werden. Hierzu wurden ebenfalls weitere Trupps unter Atemschutz eingesetzt. Nach und nach arbeitete man dich durch die Stockwerke und bel\u00fcftete gleichzeitig noch die lediglich von Rauch betroffenen Wohnungen.<\/p>\n\n\n\n<p class=\"wp-block-paragraph\">Nach etwa drei Stunden konnte die Einsatzstelle an die Polizei \u00fcbergeben werden. Die Brandursachenermittlung wurde direkt im Anschluss an den Feuerwehreinsatz bereits aufgenommen. Ersten Sch\u00e4tzungen zufolge entstand ein Schaden von ca. 250 000 \u20ac. Die Brandwohnung ist nicht mehr nutzbar, alle anderen Mieter konnten wieder in ihre Wohnung zur\u00fcckkehren.<\/p>\n\n\n\n<p class=\"wp-block-paragraph\">F\u00fcr die Kostheimer Feuerwehr war der Einsatz, bei dem sie mit allen drei Fahrzeugen vor Ort war gegen 21 Uhr und dem Aufr\u00fcsten der Materialien beendet.<\/p>\n","protected":false},"excerpt":{"rendered":"<p>&#x1f6a8; 53 \/ 2023&#x1f4c5; 04.07.23 \u2013 &#x1f556; 16:51 Uhr&#x1f4cd; Anton-Zeeh-Stra\u00dfe \u2013 Kastel&#x1f4df; F 2&#x26a0;&#xfe0f; Wohnungsbrand Parallel zu einem ohnehin kr\u00e4fteintensiven Fl\u00e4chenbrand im Wiesbadener S\u00fcdosten, kam es am Dienstagnachmittag zu einem Wohnungsbrand in der Anton-Zeeh-Stra\u00dfe. Neben der Drehleiter der Wache 2 sowie dem Einsatzleitdienst von der Innenstadtwache r\u00fcckten auch die Freiwilligen Wehren Delkenheim, Bierstadt, Kastel und [&hellip;]<\/p>\n","protected":false},"author":1,"featured_media":0,"comment_status":"closed","ping_status":"open","sticky":false,"template":"","format":"standard","meta":{"_et_pb_use_builder":"off","_et_pb_old_content":"","_et_gb_content_width":"","_crdt_document":"","footnotes":""},"categories":[5],"tags":[110,410,50,96,1265,31,222,355,708,1445],"class_list":["post-7167","post","type-post","status-publish","format-standard","hentry","category-einsatze","tag-alarmgruppe","tag-biebrich","tag-brand","tag-delkenheim","tag-f2","tag-feuer","tag-kastel","tag-vollbrand","tag-wohnungsbrand","tag-wohung"],"_links":{"self":[{"href":"https:\/\/www.feuerwehrkostheim.de\/index.php?rest_route=\/wp\/v2\/posts\/7167","targetHints":{"allow":["GET"]}}],"collection":[{"href":"https:\/\/www.feuerwehrkostheim.de\/index.php?rest_route=\/wp\/v2\/posts"}],"about":[{"href":"https:\/\/www.feuerwehrkostheim.de\/index.php?rest_route=\/wp\/v2\/types\/post"}],"author":[{"embeddable":true,"href":"https:\/\/www.feuerwehrkostheim.de\/index.php?rest_route=\/wp\/v2\/users\/1"}],"replies":[{"embeddable":true,"href":"https:\/\/www.feuerwehrkostheim.de\/index.php?rest_route=%2Fwp%2Fv2%2Fcomments&post=7167"}],"version-history":[{"count":2,"href":"https:\/\/www.feuerwehrkostheim.de\/index.php?rest_route=\/wp\/v2\/posts\/7167\/revisions"}],"predecessor-version":[{"id":7169,"href":"https:\/\/www.feuerwehrkostheim.de\/index.php?rest_route=\/wp\/v2\/posts\/7167\/revisions\/7169"}],"wp:attachment":[{"href":"https:\/\/www.feuerwehrkostheim.de\/index.php?rest_route=%2Fwp%2Fv2%2Fmedia&parent=7167"}],"wp:term":[{"taxonomy":"category","embeddable":true,"href":"https:\/\/www.feuerwehrkostheim.de\/index.php?rest_route=%2Fwp%2Fv2%2Fcategories&post=7167"},{"taxonomy":"post_tag","embeddable":true,"href":"https:\/\/www.feuerwehrkostheim.de\/index.php?rest_route=%2Fwp%2Fv2%2Ftags&post=7167"}],"curies":[{"name":"wp","href":"https:\/\/api.w.org\/{rel}","templated":true}]}}