{"id":7151,"date":"2023-07-01T14:10:16","date_gmt":"2023-07-01T13:10:16","guid":{"rendered":"https:\/\/www.feuerwehrkostheim.de\/?p=7151"},"modified":"2023-07-01T14:15:52","modified_gmt":"2023-07-01T13:15:52","slug":"jf-freizeitfahrt-nach-ramstein-miesenbach","status":"publish","type":"post","link":"https:\/\/www.feuerwehrkostheim.de\/?p=7151","title":{"rendered":"JF-Freizeitfahrt nach Ramstein-Miesenbach"},"content":{"rendered":"\n<figure class=\"wp-block-image alignright size-large\"><img decoding=\"async\" src=\"https:\/\/live.staticflickr.com\/65535\/53014700681_56a1583d2c_n.jpg\" alt=\"\"\/><\/figure>\n\n\n\n<p class=\"wp-block-paragraph\">Endlich war es wieder soweit, nach 3-j\u00e4hriger Pause machte sich die Jugendfeuerwehr Kostheim auf den Weg nach Ramstein-Miesenbach zu ihrer Freizeitfahrt. Nach der gut einst\u00fcndigen Fahrt war man an der Freizeitst\u00e4tte angekommen und konnte das Haus des Pfadfinderzentrums Kurpfalz beziehen. Im Anschluss begann man gleich mit den Vorbereitungen f\u00fcr das Abendessen. Nach dem Essen hat man den Abend am Lagerfeuer ausklingen lassen.<\/p>\n\n\n\n<p class=\"wp-block-paragraph\">Im weiteren Verlauf der Nacht stand auf einmal unerw\u00fcnschter Besuch in Form von Fahnendieben auf dem Platz. Leider war es den Fahnendieben in diesem Jahr m\u00f6glich gewesen die Fahne der Jugendfeuerwehr zu entwenden und fr\u00fchzeitig wieder nach Kostheim zu entf\u00fchren. Nach einer kurzen Nacht und dem morgendlichen Wecken lie\u00df man den Tag gem\u00fctlich mit einem gemeinsamen Fr\u00fchst\u00fcck beginnen. Den weiteren Tag verbrachte man mit Spielen und zur freien Verf\u00fcgung gemeinsam auf dem Platz. Zus\u00e4tzlich besch\u00e4ftigte man sich mit der Frage \u201eWarum man eine runde Pizza in einen viereckigen Karton packt und diese anschlie\u00dfend in Dreiecke schneidet?\u201c. Ohne eine Antwort auf die Frage zu finden, beendete man den Tag am Lagerfeuer.<\/p>\n\n\n\n<div style=\"height:10px\" aria-hidden=\"true\" class=\"wp-block-spacer\"><\/div>\n\n\n\n<!--more-->\n\n\n\n<figure class=\"wp-block-image alignright size-large\"><img decoding=\"async\" src=\"https:\/\/live.staticflickr.com\/65535\/53015177008_405098977e_n.jpg\" alt=\"\"\/><\/figure>\n\n\n\n<p class=\"wp-block-paragraph\">Am Freitag konnten sich die Jugendlichen im \u201eFun Forest AbenteuerPark Homburg\u201c austoben. Nach einer kurzen Einweisung in die Parcours und dem permanenten Sicherungssystem konnten sich die Jugendlichen in 9 spannenden und abwechslungsreichen Parcours unter Beweis stellen. Die Parcours befanden sich in verschiedenen H\u00f6hen und hatten verschieden Schwierigkeitsgrade. Die ganz mutigen konnten sich mit zwei Seilrutschten \u00fcber den Br\u00fcckweiher schwingen.<\/p>\n\n\n\n<p class=\"wp-block-paragraph\">Ersch\u00f6pft vom Vortag lie\u00df man den letzten Tag mit Wikinger-Schach und Karten spielen auf dem Unterkunftsgel\u00e4nde beginnen. Auf Grund der warmen Temperaturen durfte eine ausgiebige Wasserschlacht ebenfalls nicht fehlen. Keiner der Anwesenden blieb trocken und musste sich im Anschluss Gedanken machen, ob noch frische Wechselkleidung vorhanden ist.<\/p>\n\n\n\n<p class=\"wp-block-paragraph\">Nach dem letzten gemeinsamen Fr\u00fchst\u00fcck mussten die Koffer gepackt und das Haus aufger\u00e4umt werden. Als alle Fahrzeuge gepackt waren, machte man sich wieder auf den Heimweg nach Kostheim. In Kostheim angekommen wurden die Autos ausgeladen und wieder auf Vordermann gebracht. Zum Abschluss bleibt zu sagen, dass die Gruppe enger zusammengewachsen ist und die Freizeitfahrt ein voller Erfolg war. <\/p>\n\n\n\n<p class=\"wp-block-paragraph\">Ein Dankesch\u00f6n gilt den Freiwilligen Wehren aus Erbenheim, Nordenstadt und Schierstein f\u00fcr die Zurverf\u00fcgungstellung deren MTF\u2019s.<\/p>\n\n\n\n<div style=\"height:30px\" aria-hidden=\"true\" class=\"wp-block-spacer\"><\/div>\n\n\n\n<p class=\"wp-block-paragraph\">                    <div class=\"flicgal-gallery-wrapper gallery-7153\">\n                                                    <h3 class=\"flicgal-title\">Freizeitfahrt der Jugendfeuerwehr<\/h3>\n                                                <div class=\"flicgal-gallery-container-wrapper\">\n                            <div class=\"flicgal-spinner-wrapper\">\n                                <div class=\"flicgal-loading-img\"><img decoding=\"async\" src=\"https:\/\/www.feuerwehrkostheim.de\/wp-content\/plugins\/flickr-album-gallery\/img\/loading.gif\" \/><\/div>\n                            <\/div>\n                            <div class=\"flicgal-gallery-container\"><\/div>\n                        <\/div>\n                        <!-- Blueimp gallery -->\n                        <div id=\"blueimp-gallery-7153\" class=\"blueimp-gallery blueimp-gallery-controls\">\n                            <div class=\"slides\"><\/div>\n                            <h3 class=\"title\"><\/h3>\n                            <a class=\"prev\"><\/a>\n                            <a class=\"next\"><\/a>\n                            <a class=\"close\"><\/a>\n                            <a class=\"play-pause\"><\/a>\n                            <ol class=\"indicator\"><\/ol>\n                        <\/div>\n                    <\/div>\n                    \n            <\/p>\n","protected":false},"excerpt":{"rendered":"<p>Endlich war es wieder soweit, nach 3-j\u00e4hriger Pause machte sich die Jugendfeuerwehr Kostheim auf den Weg nach Ramstein-Miesenbach zu ihrer Freizeitfahrt. Nach der gut einst\u00fcndigen Fahrt war man an der Freizeitst\u00e4tte angekommen und konnte das Haus des Pfadfinderzentrums Kurpfalz beziehen. Im Anschluss begann man gleich mit den Vorbereitungen f\u00fcr das Abendessen. Nach dem Essen hat [&hellip;]<\/p>\n","protected":false},"author":1,"featured_media":0,"comment_status":"closed","ping_status":"open","sticky":false,"template":"","format":"standard","meta":{"_et_pb_use_builder":"off","_et_pb_old_content":"","_et_gb_content_width":"","_crdt_document":"","footnotes":""},"categories":[7],"tags":[1624,1620,34,1623,1625,1622,1621],"class_list":["post-7151","post","type-post","status-publish","format-standard","hentry","category-jugendfeuerwehr","tag-abenteuerpark","tag-freiteitfahrt","tag-grillen","tag-klettergarten","tag-miesenbach","tag-pfadfinderzentrum","tag-ramstein"],"_links":{"self":[{"href":"https:\/\/www.feuerwehrkostheim.de\/index.php?rest_route=\/wp\/v2\/posts\/7151","targetHints":{"allow":["GET"]}}],"collection":[{"href":"https:\/\/www.feuerwehrkostheim.de\/index.php?rest_route=\/wp\/v2\/posts"}],"about":[{"href":"https:\/\/www.feuerwehrkostheim.de\/index.php?rest_route=\/wp\/v2\/types\/post"}],"author":[{"embeddable":true,"href":"https:\/\/www.feuerwehrkostheim.de\/index.php?rest_route=\/wp\/v2\/users\/1"}],"replies":[{"embeddable":true,"href":"https:\/\/www.feuerwehrkostheim.de\/index.php?rest_route=%2Fwp%2Fv2%2Fcomments&post=7151"}],"version-history":[{"count":6,"href":"https:\/\/www.feuerwehrkostheim.de\/index.php?rest_route=\/wp\/v2\/posts\/7151\/revisions"}],"predecessor-version":[{"id":7158,"href":"https:\/\/www.feuerwehrkostheim.de\/index.php?rest_route=\/wp\/v2\/posts\/7151\/revisions\/7158"}],"wp:attachment":[{"href":"https:\/\/www.feuerwehrkostheim.de\/index.php?rest_route=%2Fwp%2Fv2%2Fmedia&parent=7151"}],"wp:term":[{"taxonomy":"category","embeddable":true,"href":"https:\/\/www.feuerwehrkostheim.de\/index.php?rest_route=%2Fwp%2Fv2%2Fcategories&post=7151"},{"taxonomy":"post_tag","embeddable":true,"href":"https:\/\/www.feuerwehrkostheim.de\/index.php?rest_route=%2Fwp%2Fv2%2Ftags&post=7151"}],"curies":[{"name":"wp","href":"https:\/\/api.w.org\/{rel}","templated":true}]}}