{"id":7134,"date":"2023-06-21T18:01:14","date_gmt":"2023-06-21T17:01:14","guid":{"rendered":"https:\/\/www.feuerwehrkostheim.de\/?p=7134"},"modified":"2023-06-21T18:06:23","modified_gmt":"2023-06-21T17:06:23","slug":"flaechenbrand-am-otto-suhr-ring","status":"publish","type":"post","link":"https:\/\/www.feuerwehrkostheim.de\/?p=7134","title":{"rendered":"Fl\u00e4chenbrand am Otto-Suhr-Ring"},"content":{"rendered":"\n<figure class=\"wp-block-image alignright size-large\"><img decoding=\"async\" src=\"https:\/\/live.staticflickr.com\/65535\/52991734520_e0a892d0df_n.jpg\" alt=\"\"\/><\/figure>\n\n\n\n<p class=\"wp-block-paragraph\"><strong>&#x1f6a8; 42 \/ 2023<br>&#x1f4c5; 21.06.23 \u2013 &#x1f556; 15:31 Uhr<\/strong><br>&#x1f4cd; Otto-Suhr-Ring<br>&#x1f4df; F WALD 1<br>&#x26a0;&#xfe0f; Brennt Fl\u00e4che<\/p>\n\n\n\n<p class=\"wp-block-paragraph\">Am Mittwochnachmittag r\u00fcckte die Feuerwehr Kostheim zusammen mit den Kr\u00e4ften der Berufsfeuerwehr zu einem gemeldeten Fl\u00e4chenbrand im Bereich des Otto-Suhr-Rings aus. Beim Eintreffen stellte man den Brand einer B\u00f6schung fest, der sich \u00fcber eine Gesamtfl\u00e4che von circa 300 m\u00b2 erstreckte. <\/p>\n\n\n\n<p class=\"wp-block-paragraph\">Umgehend wurden mehrere C-Rohre aufgebaut, womit die Ausbreitung effektiv verhindert und das Feuer letztendlich gel\u00f6scht werden konnte. Insgesamt kamen drei Rohre zum Einsatz. Der Otto-Suhr-Ring war f\u00fcr den Verkehr w\u00e4hrend den L\u00f6scharbeiten\u00a0zwischen Uthmann- und Castellumstrasse  voll gesperrt. <\/p>\n\n\n\n<div style=\"height:25px\" aria-hidden=\"true\" class=\"wp-block-spacer\"><\/div>\n\n\n\n<!--more-->\n\n\n\n<p class=\"wp-block-paragraph\">Nach gut Anderthalb Stunden waren die Fahrzeuge der Kostheimer Wehr wieder aufger\u00fcstet und einsatzbereit im Feuerwehrger\u00e4tehaus.<\/p>\n\n\n\n<div style=\"height:40px\" aria-hidden=\"true\" class=\"wp-block-spacer\"><\/div>\n\n\n\n<p class=\"wp-block-paragraph\">                    <div class=\"flicgal-gallery-wrapper gallery-7133\">\n                                                    <h3 class=\"flicgal-title\">Fl\u00e4chenbrand Otto-Suhr-Ring &#8211; 21.06.2023<\/h3>\n                                                <div class=\"flicgal-gallery-container-wrapper\">\n                            <div class=\"flicgal-spinner-wrapper\">\n                                <div class=\"flicgal-loading-img\"><img decoding=\"async\" src=\"https:\/\/www.feuerwehrkostheim.de\/wp-content\/plugins\/flickr-album-gallery\/img\/loading.gif\" \/><\/div>\n                            <\/div>\n                            <div class=\"flicgal-gallery-container\"><\/div>\n                        <\/div>\n                        <!-- Blueimp gallery -->\n                        <div id=\"blueimp-gallery-7133\" class=\"blueimp-gallery blueimp-gallery-controls\">\n                            <div class=\"slides\"><\/div>\n                            <h3 class=\"title\"><\/h3>\n                            <a class=\"prev\"><\/a>\n                            <a class=\"next\"><\/a>\n                            <a class=\"close\"><\/a>\n                            <a class=\"play-pause\"><\/a>\n                            <ol class=\"indicator\"><\/ol>\n                        <\/div>\n                    <\/div>\n                    \n            <\/p>\n","protected":false},"excerpt":{"rendered":"<p>&#x1f6a8; 42 \/ 2023&#x1f4c5; 21.06.23 \u2013 &#x1f556; 15:31 Uhr&#x1f4cd; Otto-Suhr-Ring&#x1f4df; F WALD 1&#x26a0;&#xfe0f; Brennt Fl\u00e4che Am Mittwochnachmittag r\u00fcckte die Feuerwehr Kostheim zusammen mit den Kr\u00e4ften der Berufsfeuerwehr zu einem gemeldeten Fl\u00e4chenbrand im Bereich des Otto-Suhr-Rings aus. Beim Eintreffen stellte man den Brand einer B\u00f6schung fest, der sich \u00fcber eine Gesamtfl\u00e4che von circa 300 m\u00b2 erstreckte. [&hellip;]<\/p>\n","protected":false},"author":1,"featured_media":0,"comment_status":"closed","ping_status":"open","sticky":false,"template":"","format":"standard","meta":{"_et_pb_use_builder":"off","_et_pb_old_content":"","_et_gb_content_width":"","_crdt_document":"","footnotes":""},"categories":[5],"tags":[1616,701,50,31,1617,28,1345,1618],"class_list":["post-7134","post","type-post","status-publish","format-standard","hentry","category-einsatze","tag-1616","tag-boeschung","tag-brand","tag-feuer","tag-flaeche","tag-flachenbrand","tag-fwald1","tag-strahlrohre"],"_links":{"self":[{"href":"https:\/\/www.feuerwehrkostheim.de\/index.php?rest_route=\/wp\/v2\/posts\/7134","targetHints":{"allow":["GET"]}}],"collection":[{"href":"https:\/\/www.feuerwehrkostheim.de\/index.php?rest_route=\/wp\/v2\/posts"}],"about":[{"href":"https:\/\/www.feuerwehrkostheim.de\/index.php?rest_route=\/wp\/v2\/types\/post"}],"author":[{"embeddable":true,"href":"https:\/\/www.feuerwehrkostheim.de\/index.php?rest_route=\/wp\/v2\/users\/1"}],"replies":[{"embeddable":true,"href":"https:\/\/www.feuerwehrkostheim.de\/index.php?rest_route=%2Fwp%2Fv2%2Fcomments&post=7134"}],"version-history":[{"count":5,"href":"https:\/\/www.feuerwehrkostheim.de\/index.php?rest_route=\/wp\/v2\/posts\/7134\/revisions"}],"predecessor-version":[{"id":7141,"href":"https:\/\/www.feuerwehrkostheim.de\/index.php?rest_route=\/wp\/v2\/posts\/7134\/revisions\/7141"}],"wp:attachment":[{"href":"https:\/\/www.feuerwehrkostheim.de\/index.php?rest_route=%2Fwp%2Fv2%2Fmedia&parent=7134"}],"wp:term":[{"taxonomy":"category","embeddable":true,"href":"https:\/\/www.feuerwehrkostheim.de\/index.php?rest_route=%2Fwp%2Fv2%2Fcategories&post=7134"},{"taxonomy":"post_tag","embeddable":true,"href":"https:\/\/www.feuerwehrkostheim.de\/index.php?rest_route=%2Fwp%2Fv2%2Ftags&post=7134"}],"curies":[{"name":"wp","href":"https:\/\/api.w.org\/{rel}","templated":true}]}}