{"id":7109,"date":"2023-06-10T13:56:47","date_gmt":"2023-06-10T12:56:47","guid":{"rendered":"https:\/\/www.feuerwehrkostheim.de\/?p=7109"},"modified":"2023-06-10T14:01:17","modified_gmt":"2023-06-10T13:01:17","slug":"feuer-im-gebaeude","status":"publish","type":"post","link":"https:\/\/www.feuerwehrkostheim.de\/?p=7109","title":{"rendered":"Feuer im Geb\u00e4ude"},"content":{"rendered":"\n<p class=\"wp-block-paragraph\"><strong>&#x1f6a8; 38 \/ 2023<br>&#x1f4c5; 10.06.23 \u2013 &#x1f556; 01:16 Uhr<\/strong><br>&#x1f4cd; Hochheimer Stra\u00dfe<br>&#x1f4df; F 2<br>&#x26a0;&#xfe0f; Feuerschein im Geb\u00e4ude<\/p>\n\n\n\n<figure class=\"wp-block-image alignright size-large is-resized\"><img loading=\"lazy\" decoding=\"async\" src=\"https:\/\/live.staticflickr.com\/65535\/52963628751_6a232105b5_n.jpg\" alt=\"\" width=\"240\" height=\"180\"\/><\/figure>\n\n\n\n<p class=\"wp-block-paragraph\">In der Nacht auf Samstag alarmierte die Wiesbadener Rettungsleitstelle die Feuerwehr Kostheim sowie den L\u00f6schzug der Feuerwache 2, da ein Anrufer Feuerschein und Rauchentwicklung in einem ungenutzten Wohn- und Gesch\u00e4ftshaus in der Hochheimer Stra\u00dfe bemerkt hatte. Beim Eintreffen beider Einheiten konnte der Feuerschein in einem Raum im ersten Obergeschoss des vermeintlich leerstehendem Geb\u00e4udes best\u00e4tigt werden. Da Anfangs noch nicht ausgeschlossen werden konnte, ob sich eventuell obdachlose Personen im Inneren aufhalten, r\u00fcsteten sich zwei Trupps mit Atemschutz und einem Strahlrohr aus und gingen ins das Objekt vor. W\u00e4hrend ein Trupp sich um die Brandbek\u00e4mpfung k\u00fcmmerte, suchte der zweite Trupp die restlichen R\u00e4ume des Geb\u00e4udes nach Personen ab. Er wurde im Verlauf durch einen zus\u00e4tzlichen Atemschutztrupp erg\u00e4nzt. Parallel zum Innenangriff sowie der Absuche, brachte man die Drehleiter vorsorglich in Stellung. <\/p>\n\n\n\n<div style=\"height:15px\" aria-hidden=\"true\" class=\"wp-block-spacer\"><\/div>\n\n\n\n<!--more-->\n\n\n\n<figure class=\"wp-block-image alignleft size-large is-resized\"><img loading=\"lazy\" decoding=\"async\" src=\"https:\/\/live.staticflickr.com\/65535\/52963027822_147b7185e4_n.jpg\" alt=\"\" width=\"240\" height=\"180\"\/><\/figure>\n\n\n\n<p class=\"wp-block-paragraph\">Durch das schnelle Eingreifen der Kr\u00e4fte konnte das Ausma\u00df des Feuers begrenzt werden. Im Anschluss an die L\u00f6scharbeiten bel\u00fcftete man die verrauchten R\u00e4ume und \u00fcbergab die Einsatzstelle nach etwa anderthalb Stunde an die Polizei. Die Brandursachenermittlung wird zudem von der Kriminalpolizei \u00fcbernommen. Gegen 4 Uhr waren alle Fahrzeuge der Kostheimer Feuerwehr aufger\u00fcstet wieder am Standort eingetroffen. Die verwaiste Feuerwache 2 wurde von den Freiwilligen Wehren Kastel und Nordenstadt besetzt. Die Hochheimer Stra\u00dfe war w\u00e4hrend der L\u00f6scharbeiten in Richtung Kastel komplett gesperrt.<\/p>\n\n\n\n<div style=\"height:30px\" aria-hidden=\"true\" class=\"wp-block-spacer\"><\/div>\n\n\n\n<p class=\"wp-block-paragraph\">                    <div class=\"flicgal-gallery-wrapper gallery-7108\">\n                                                    <h3 class=\"flicgal-title\">Feuer im Geb\u00e4ude &#8211; 10.06.23<\/h3>\n                                                <div class=\"flicgal-gallery-container-wrapper\">\n                            <div class=\"flicgal-spinner-wrapper\">\n                                <div class=\"flicgal-loading-img\"><img decoding=\"async\" src=\"https:\/\/www.feuerwehrkostheim.de\/wp-content\/plugins\/flickr-album-gallery\/img\/loading.gif\" \/><\/div>\n                            <\/div>\n                            <div class=\"flicgal-gallery-container\"><\/div>\n                        <\/div>\n                        <!-- Blueimp gallery -->\n                        <div id=\"blueimp-gallery-7108\" class=\"blueimp-gallery blueimp-gallery-controls\">\n                            <div class=\"slides\"><\/div>\n                            <h3 class=\"title\"><\/h3>\n                            <a class=\"prev\"><\/a>\n                            <a class=\"next\"><\/a>\n                            <a class=\"close\"><\/a>\n                            <a class=\"play-pause\"><\/a>\n                            <ol class=\"indicator\"><\/ol>\n                        <\/div>\n                    <\/div>\n                    \n            <\/p>\n","protected":false},"excerpt":{"rendered":"<p>&#x1f6a8; 38 \/ 2023&#x1f4c5; 10.06.23 \u2013 &#x1f556; 01:16 Uhr&#x1f4cd; Hochheimer Stra\u00dfe&#x1f4df; F 2&#x26a0;&#xfe0f; Feuerschein im Geb\u00e4ude In der Nacht auf Samstag alarmierte die Wiesbadener Rettungsleitstelle die Feuerwehr Kostheim sowie den L\u00f6schzug der Feuerwache 2, da ein Anrufer Feuerschein und Rauchentwicklung in einem ungenutzten Wohn- und Gesch\u00e4ftshaus in der Hochheimer Stra\u00dfe bemerkt hatte. Beim Eintreffen beider [&hellip;]<\/p>\n","protected":false},"author":1,"featured_media":0,"comment_status":"closed","ping_status":"open","sticky":false,"template":"","format":"standard","meta":{"_et_pb_use_builder":"off","_et_pb_old_content":"","_et_gb_content_width":"","_crdt_document":"","footnotes":""},"categories":[5],"tags":[44,50,1265,31,531,1615,519],"class_list":["post-7109","post","type-post","status-publish","format-standard","hentry","category-einsatze","tag-atemschutz","tag-brand","tag-f2","tag-feuer","tag-gebaude","tag-obdachlos","tag-personensuche"],"_links":{"self":[{"href":"https:\/\/www.feuerwehrkostheim.de\/index.php?rest_route=\/wp\/v2\/posts\/7109","targetHints":{"allow":["GET"]}}],"collection":[{"href":"https:\/\/www.feuerwehrkostheim.de\/index.php?rest_route=\/wp\/v2\/posts"}],"about":[{"href":"https:\/\/www.feuerwehrkostheim.de\/index.php?rest_route=\/wp\/v2\/types\/post"}],"author":[{"embeddable":true,"href":"https:\/\/www.feuerwehrkostheim.de\/index.php?rest_route=\/wp\/v2\/users\/1"}],"replies":[{"embeddable":true,"href":"https:\/\/www.feuerwehrkostheim.de\/index.php?rest_route=%2Fwp%2Fv2%2Fcomments&post=7109"}],"version-history":[{"count":10,"href":"https:\/\/www.feuerwehrkostheim.de\/index.php?rest_route=\/wp\/v2\/posts\/7109\/revisions"}],"predecessor-version":[{"id":7123,"href":"https:\/\/www.feuerwehrkostheim.de\/index.php?rest_route=\/wp\/v2\/posts\/7109\/revisions\/7123"}],"wp:attachment":[{"href":"https:\/\/www.feuerwehrkostheim.de\/index.php?rest_route=%2Fwp%2Fv2%2Fmedia&parent=7109"}],"wp:term":[{"taxonomy":"category","embeddable":true,"href":"https:\/\/www.feuerwehrkostheim.de\/index.php?rest_route=%2Fwp%2Fv2%2Fcategories&post=7109"},{"taxonomy":"post_tag","embeddable":true,"href":"https:\/\/www.feuerwehrkostheim.de\/index.php?rest_route=%2Fwp%2Fv2%2Ftags&post=7109"}],"curies":[{"name":"wp","href":"https:\/\/api.w.org\/{rel}","templated":true}]}}