{"id":7098,"date":"2023-06-02T10:12:22","date_gmt":"2023-06-02T09:12:22","guid":{"rendered":"https:\/\/www.feuerwehrkostheim.de\/?p=7098"},"modified":"2023-06-02T10:12:26","modified_gmt":"2023-06-02T09:12:26","slug":"dachstuhlbrand-fordert-intensiven-feuerwehreinsatz","status":"publish","type":"post","link":"https:\/\/www.feuerwehrkostheim.de\/?p=7098","title":{"rendered":"Dachstuhlbrand fordert intensiven Feuerwehreinsatz"},"content":{"rendered":"\n<p class=\"wp-block-paragraph\"><strong>&#x1f6a8; 36 \/ 2023<br>&#x1f4c5; 01.06.23 \u2013 &#x1f556; 17:47 Uhr<\/strong><br>&#x1f4cd; Carlowitzstra\u00dfe<br>&#x1f4df; F 2 <br>&#x26a0;&#xfe0f; Dachstuhlbrand<\/p>\n\n\n\n<figure class=\"wp-block-image alignright size-large\"><img decoding=\"async\" src=\"https:\/\/live.staticflickr.com\/65535\/52944904968_5b13bbefb6_n.jpg\" alt=\"\"\/><\/figure>\n\n\n\n<p class=\"wp-block-paragraph\">Die Kostheimer Wehr wurde zusammen mit den Kollegen aus Kastel und dem L\u00f6schzug der Feuerwache 2 am fr\u00fchen Donnerstagabend zu einem gemeldeten Dachstuhlbrand in die Carlowitzstra\u00dfe \/ Kastel alarmiert. Bei Eintreffen des ersten Kostheimer L\u00f6schfahrzeuges war die Lage Bereits durch den Einsatzleitdienst erkundet und das Feuer im Dachbereich eines sich gerade in der Kernsanierung befindlichen Mehrfamilienhauses best\u00e4tigt. Umgehend bauten die Kostheimer Kameraden eine Wasserversorgung auf und beorderten einen Atemschutz-Trupp \u00fcber das vorhandene Bauger\u00fcst zur Brandbek\u00e4mpfung von au\u00dfen. Mit dem Eintreffen der weiteren initial alarmierten Kr\u00e4fte wurde eine weitere Brandbek\u00e4mpfung vom Geb\u00e4udeinneren aufgebaut sowie eine Drehleiter in Stellung gebracht. Gl\u00fccklicherweise befanden sich zum Einsatzpunkt keine Personen im Geb\u00e4ude.<\/p>\n\n\n\n<p class=\"wp-block-paragraph\">Da sich der Brand unter der Dachhaut neben der Dachgaube auch auf die angrenzende Dachfl\u00e4che ausgebreitet hatte, waren umfangreiche L\u00f6schma\u00dfnahmen notwendig. Neben einer weiteren Drehleiter wurden im Zuge des Einsatzes auch zur Kr\u00e4fteunterst\u00fctzung noch drei weitere Freiwillige Feuerwehren \u2013 aus Biebrich, Schierstein und Erbenheim \u2013 nachalarmiert. Durch den Umstand, dass die L\u00f6sch- und Nachl\u00f6scharbeiten \u00fcberwiegend unter Atemschutz durchgef\u00fchrt werden mussten, kam der Abrollbeh\u00e4lter Atemschutz an die Einsatzstelle, um gen\u00fcgend Nachschub an Ger\u00e4ten f\u00fcr die einzusetzenden Trupps gew\u00e4hrleisten zu k\u00f6nnen.<\/p>\n\n\n<p><!--more--><\/p>\n\n\n<figure class=\"wp-block-image alignleft size-large is-style-default\"><img decoding=\"async\" src=\"https:\/\/live.staticflickr.com\/65535\/52943841942_d9c171a96d_n.jpg\" alt=\"\"\/><\/figure>\n\n\n\n<p class=\"wp-block-paragraph\">Nachdem das Feuer unter Kontrolle gebracht werden konnte, begannen die umfangreichen und zeitintensiven Nachl\u00f6scharbeiten. Hierbei musste das Dach, auch untere der Zuhilfenahme von Absturzsicherungsger\u00e4t, gro\u00dffl\u00e4chig abgedeckt und die verbaute Isolierung ge\u00f6ffnet werden. F\u00fcr die Versorgung der knapp 70 Einsatzkr\u00e4ften stand die Versorgungs- und Logistikgruppe vor Ort zur Verf\u00fcgung.<\/p>\n\n\n\n<p class=\"wp-block-paragraph\">Gegen 23 Uhr waren die Ma\u00dfnahmen der Feuerwehr beendet und die Kr\u00e4fte konnten zur Aufr\u00fcstung ihrer Fahrzeuge abr\u00fccken. Um Sicherzustellen, dass keine Brandstelle \u00fcbersehen wurde, erfolgten im Laufe der Nacht noch zwei Brandnachschauen durch die Freiwilligen Wehren aus Kostheim und Kastel. Bei der ersten Nachschau durch die Kostheimer Kameraden konnte noch eine glimmende Isolierplatte festgestellt und abgel\u00f6scht werden. Die zweite Nachschau durch die Kollegen aus Kastel ergab dann keine weitere Feststellung.<\/p>\n\n\n\n<p class=\"wp-block-paragraph\">Nach insgesamt fast sieben Stunden waren die letzten Kr\u00e4fte aus Kostheim wieder im Feuerwehrger\u00e4tehaus eingetroffen und konnten den Nachhauseweg antreten.<\/p>\n\n\n\n<p class=\"wp-block-paragraph\">Aussagen zu Brandursache und m\u00f6glicher Schadensh\u00f6he konnten vor Ort nicht abschlie\u00dfend getroffen werden. Die Ermittlungen zur Brandursache werden durch die Polizei erfolgen. W\u00e4hrend des Einsatzes waren die umliegenden Stra\u00dfen \u2013 Frankfurter-, Admiral-Scheer- und Carlowitzstra\u00dfe voll gesperrt. Insgesamt drei Feuerwehrleute erlitten w\u00e4hrend den L\u00f6scharbeiten leichte Verletzungen und wurden dem ebenfalls in Bereitschaft stehenden Rettungsdienst vorgestellt.<\/p>\n\n\n\n<div style=\"height:44px\" aria-hidden=\"true\" class=\"wp-block-spacer\"><\/div>\n\n\n\n<p class=\"wp-block-paragraph\">                    <div class=\"flicgal-gallery-wrapper gallery-7097\">\n                                                    <h3 class=\"flicgal-title\">Dachstuhlbrand Carlowitzstra\u00dfe &#8211; 01.06.2023<\/h3>\n                                                <div class=\"flicgal-gallery-container-wrapper\">\n                            <div class=\"flicgal-spinner-wrapper\">\n                                <div class=\"flicgal-loading-img\"><img decoding=\"async\" src=\"https:\/\/www.feuerwehrkostheim.de\/wp-content\/plugins\/flickr-album-gallery\/img\/loading.gif\" \/><\/div>\n                            <\/div>\n                            <div class=\"flicgal-gallery-container\"><\/div>\n                        <\/div>\n                        <!-- Blueimp gallery -->\n                        <div id=\"blueimp-gallery-7097\" class=\"blueimp-gallery blueimp-gallery-controls\">\n                            <div class=\"slides\"><\/div>\n                            <h3 class=\"title\"><\/h3>\n                            <a class=\"prev\">\u2039<\/a>\n                            <a class=\"next\">\u203a<\/a>\n                            <a class=\"close\">\u00d7<\/a>\n                            <a class=\"play-pause\"><\/a>\n                            <ol class=\"indicator\"><\/ol>\n                        <\/div>\n                    <\/div>\n                    \n            <\/p>\n","protected":false},"excerpt":{"rendered":"<p>&#x1f6a8; 36 \/ 2023&#x1f4c5; 01.06.23 \u2013 &#x1f556; 17:47 Uhr&#x1f4cd; Carlowitzstra\u00dfe&#x1f4df; F 2 &#x26a0;&#xfe0f; Dachstuhlbrand Die Kostheimer Wehr wurde zusammen mit den Kollegen aus Kastel und dem L\u00f6schzug der Feuerwache 2 am fr\u00fchen Donnerstagabend zu einem gemeldeten Dachstuhlbrand in die Carlowitzstra\u00dfe \/ Kastel alarmiert. Bei Eintreffen des ersten Kostheimer L\u00f6schfahrzeuges war die Lage Bereits durch den [&hellip;]<\/p>\n","protected":false},"author":1,"featured_media":0,"comment_status":"closed","ping_status":"open","sticky":false,"template":"","format":"standard","meta":{"_et_pb_use_builder":"off","_et_pb_old_content":"","_et_gb_content_width":"","_crdt_document":"","footnotes":""},"categories":[5],"tags":[110,50,304,1265,31,314],"class_list":["post-7098","post","type-post","status-publish","format-standard","hentry","category-einsatze","tag-alarmgruppe","tag-brand","tag-dachstuhlbrand","tag-f2","tag-feuer","tag-nachloscharbeiten"],"_links":{"self":[{"href":"https:\/\/www.feuerwehrkostheim.de\/index.php?rest_route=\/wp\/v2\/posts\/7098","targetHints":{"allow":["GET"]}}],"collection":[{"href":"https:\/\/www.feuerwehrkostheim.de\/index.php?rest_route=\/wp\/v2\/posts"}],"about":[{"href":"https:\/\/www.feuerwehrkostheim.de\/index.php?rest_route=\/wp\/v2\/types\/post"}],"author":[{"embeddable":true,"href":"https:\/\/www.feuerwehrkostheim.de\/index.php?rest_route=\/wp\/v2\/users\/1"}],"replies":[{"embeddable":true,"href":"https:\/\/www.feuerwehrkostheim.de\/index.php?rest_route=%2Fwp%2Fv2%2Fcomments&post=7098"}],"version-history":[{"count":5,"href":"https:\/\/www.feuerwehrkostheim.de\/index.php?rest_route=\/wp\/v2\/posts\/7098\/revisions"}],"predecessor-version":[{"id":7103,"href":"https:\/\/www.feuerwehrkostheim.de\/index.php?rest_route=\/wp\/v2\/posts\/7098\/revisions\/7103"}],"wp:attachment":[{"href":"https:\/\/www.feuerwehrkostheim.de\/index.php?rest_route=%2Fwp%2Fv2%2Fmedia&parent=7098"}],"wp:term":[{"taxonomy":"category","embeddable":true,"href":"https:\/\/www.feuerwehrkostheim.de\/index.php?rest_route=%2Fwp%2Fv2%2Fcategories&post=7098"},{"taxonomy":"post_tag","embeddable":true,"href":"https:\/\/www.feuerwehrkostheim.de\/index.php?rest_route=%2Fwp%2Fv2%2Ftags&post=7098"}],"curies":[{"name":"wp","href":"https:\/\/api.w.org\/{rel}","templated":true}]}}