{"id":7082,"date":"2023-05-31T15:59:28","date_gmt":"2023-05-31T14:59:28","guid":{"rendered":"https:\/\/www.feuerwehrkostheim.de\/?p=7082"},"modified":"2023-05-31T21:04:47","modified_gmt":"2023-05-31T20:04:47","slug":"feuer-im-wald-wachbesetzung","status":"publish","type":"post","link":"https:\/\/www.feuerwehrkostheim.de\/?p=7082","title":{"rendered":"Feuer im Wald &#8211; Wachbesetzung"},"content":{"rendered":"\n<p class=\"wp-block-paragraph\"><strong>&#x1f6a8; 35 \/ 2023<br>&#x1f4c5; 31.05.23 \u2013 &#x1f556; 00:57 Uhr<\/strong><br>&#x1f4cd; Feuerwache 2<br>&#x1f4df; S WB<br>&#x26a0;&#xfe0f; Wachbesetzung<\/p>\n\n\n\n<p class=\"wp-block-paragraph\">Aufgrund eines gr\u00f6\u00dferen Feuers im Wald zwischen Auringen und He\u00dfloch musste in der Nacht auf Mittwoch f\u00fcr etwa eine Stunde die Feuerwache 2 mit Kr\u00e4ften der Freiwilligen Wehren Kostheim und Schierstein besetzt werden. Da vorwiegend Sonderfahrzeuge der Kasteler Wache zu dem Einsatz in den Wald ausr\u00fccken mussten, konnte die Einsatzbereitschaft nach gut einer Stunde wieder aufgehoben werden. In der Zwischenzeit kam es zu keinem weiteren Einsatz.<\/p>\n","protected":false},"excerpt":{"rendered":"<p>&#x1f6a8; 35 \/ 2023&#x1f4c5; 31.05.23 \u2013 &#x1f556; 00:57 Uhr&#x1f4cd; Feuerwache 2&#x1f4df; S WB&#x26a0;&#xfe0f; Wachbesetzung Aufgrund eines gr\u00f6\u00dferen Feuers im Wald zwischen Auringen und He\u00dfloch musste in der Nacht auf Mittwoch f\u00fcr etwa eine Stunde die Feuerwache 2 mit Kr\u00e4ften der Freiwilligen Wehren Kostheim und Schierstein besetzt werden. Da vorwiegend Sonderfahrzeuge der Kasteler Wache zu dem [&hellip;]<\/p>\n","protected":false},"author":1,"featured_media":0,"comment_status":"closed","ping_status":"open","sticky":false,"template":"","format":"standard","meta":{"_et_pb_use_builder":"off","_et_pb_old_content":"","_et_gb_content_width":"","_crdt_document":"","footnotes":""},"categories":[5],"tags":[748,1161,993,1612,245,1305,243,715,883],"class_list":["post-7082","post","type-post","status-publish","format-standard","hentry","category-einsatze","tag-auringen","tag-einsatzbereitschaft","tag-feuerwache","tag-hessloch","tag-schierstein","tag-swb","tag-wachbesetzung","tag-wald","tag-waldbrand"],"_links":{"self":[{"href":"https:\/\/www.feuerwehrkostheim.de\/index.php?rest_route=\/wp\/v2\/posts\/7082","targetHints":{"allow":["GET"]}}],"collection":[{"href":"https:\/\/www.feuerwehrkostheim.de\/index.php?rest_route=\/wp\/v2\/posts"}],"about":[{"href":"https:\/\/www.feuerwehrkostheim.de\/index.php?rest_route=\/wp\/v2\/types\/post"}],"author":[{"embeddable":true,"href":"https:\/\/www.feuerwehrkostheim.de\/index.php?rest_route=\/wp\/v2\/users\/1"}],"replies":[{"embeddable":true,"href":"https:\/\/www.feuerwehrkostheim.de\/index.php?rest_route=%2Fwp%2Fv2%2Fcomments&post=7082"}],"version-history":[{"count":2,"href":"https:\/\/www.feuerwehrkostheim.de\/index.php?rest_route=\/wp\/v2\/posts\/7082\/revisions"}],"predecessor-version":[{"id":7096,"href":"https:\/\/www.feuerwehrkostheim.de\/index.php?rest_route=\/wp\/v2\/posts\/7082\/revisions\/7096"}],"wp:attachment":[{"href":"https:\/\/www.feuerwehrkostheim.de\/index.php?rest_route=%2Fwp%2Fv2%2Fmedia&parent=7082"}],"wp:term":[{"taxonomy":"category","embeddable":true,"href":"https:\/\/www.feuerwehrkostheim.de\/index.php?rest_route=%2Fwp%2Fv2%2Fcategories&post=7082"},{"taxonomy":"post_tag","embeddable":true,"href":"https:\/\/www.feuerwehrkostheim.de\/index.php?rest_route=%2Fwp%2Fv2%2Ftags&post=7082"}],"curies":[{"name":"wp","href":"https:\/\/api.w.org\/{rel}","templated":true}]}}