{"id":6927,"date":"2023-05-15T11:20:08","date_gmt":"2023-05-15T10:20:08","guid":{"rendered":"https:\/\/www.feuerwehrkostheim.de\/?p=6927"},"modified":"2023-05-15T11:22:43","modified_gmt":"2023-05-15T10:22:43","slug":"person-schnell-gesichert-kurzer-wasserrettungseinsatz","status":"publish","type":"post","link":"https:\/\/www.feuerwehrkostheim.de\/?p=6927","title":{"rendered":"Person schnell gesichert &#8211; kurzer Wasserrettungseinsatz"},"content":{"rendered":"\n<p class=\"wp-block-paragraph\">&#x1f6a8; 32 \/ 2023<br>&#x1f4c5; 14.05.23 \u2013 &#x1f556; 21:06 Uhr<br>&#x1f4cd; Rhein \u2013 Schierstein<br>&#x1f4df; H FLUSS Y<br>&#x26a0;&#xfe0f; Person in Gefahr<\/p>\n\n\n\n<p class=\"wp-block-paragraph\">Nur knapp eine halben Stunde nach dem ersten Wasserrettungseinsatz an diesem Sonntag, wurde das Kostheimer Boot um kurz nach 21 Uhr erneut alarmiert. Dieses mal war eine Person im Rhein h\u00f6he der Schiersteiner Christian-B\u00fccher-Stra\u00dfe gemeldet. Doch wie schon zuvor, war auch hier die Person schnell gesichert und der Einsatz konnte f\u00fcr alle alarmierten Wasserrettungseinheiten nach wenigen Minuten wieder abgebrochen werden.<\/p>\n","protected":false},"excerpt":{"rendered":"<p>&#x1f6a8; 32 \/ 2023&#x1f4c5; 14.05.23 \u2013 &#x1f556; 21:06 Uhr&#x1f4cd; Rhein \u2013 Schierstein&#x1f4df; H FLUSS Y&#x26a0;&#xfe0f; Person in Gefahr Nur knapp eine halben Stunde nach dem ersten Wasserrettungseinsatz an diesem Sonntag, wurde das Kostheimer Boot um kurz nach 21 Uhr erneut alarmiert. Dieses mal war eine Person im Rhein h\u00f6he der Schiersteiner Christian-B\u00fccher-Stra\u00dfe gemeldet. Doch wie [&hellip;]<\/p>\n","protected":false},"author":1,"featured_media":0,"comment_status":"closed","ping_status":"open","sticky":false,"template":"","format":"standard","meta":{"_et_pb_use_builder":"","_et_pb_old_content":"","_et_gb_content_width":"","_crdt_document":"","footnotes":""},"categories":[5],"tags":[1605,936,1218,1266,470,245],"class_list":["post-6927","post","type-post","status-publish","format-standard","hentry","category-einsatze","tag-einsatzabbruch","tag-gefahr","tag-gesichert","tag-hflussy","tag-person","tag-schierstein"],"_links":{"self":[{"href":"https:\/\/www.feuerwehrkostheim.de\/index.php?rest_route=\/wp\/v2\/posts\/6927","targetHints":{"allow":["GET"]}}],"collection":[{"href":"https:\/\/www.feuerwehrkostheim.de\/index.php?rest_route=\/wp\/v2\/posts"}],"about":[{"href":"https:\/\/www.feuerwehrkostheim.de\/index.php?rest_route=\/wp\/v2\/types\/post"}],"author":[{"embeddable":true,"href":"https:\/\/www.feuerwehrkostheim.de\/index.php?rest_route=\/wp\/v2\/users\/1"}],"replies":[{"embeddable":true,"href":"https:\/\/www.feuerwehrkostheim.de\/index.php?rest_route=%2Fwp%2Fv2%2Fcomments&post=6927"}],"version-history":[{"count":2,"href":"https:\/\/www.feuerwehrkostheim.de\/index.php?rest_route=\/wp\/v2\/posts\/6927\/revisions"}],"predecessor-version":[{"id":6929,"href":"https:\/\/www.feuerwehrkostheim.de\/index.php?rest_route=\/wp\/v2\/posts\/6927\/revisions\/6929"}],"wp:attachment":[{"href":"https:\/\/www.feuerwehrkostheim.de\/index.php?rest_route=%2Fwp%2Fv2%2Fmedia&parent=6927"}],"wp:term":[{"taxonomy":"category","embeddable":true,"href":"https:\/\/www.feuerwehrkostheim.de\/index.php?rest_route=%2Fwp%2Fv2%2Fcategories&post=6927"},{"taxonomy":"post_tag","embeddable":true,"href":"https:\/\/www.feuerwehrkostheim.de\/index.php?rest_route=%2Fwp%2Fv2%2Ftags&post=6927"}],"curies":[{"name":"wp","href":"https:\/\/api.w.org\/{rel}","templated":true}]}}