{"id":6903,"date":"2023-05-10T07:35:17","date_gmt":"2023-05-10T06:35:17","guid":{"rendered":"https:\/\/www.feuerwehrkostheim.de\/?p=6903"},"modified":"2023-05-10T08:10:03","modified_gmt":"2023-05-10T07:10:03","slug":"neuwahlen-bei-der-feuerwehr-wehrfuehrung-und-geschaeftsfuehrender-vorstand-im-amt-bestaetigt","status":"publish","type":"post","link":"https:\/\/www.feuerwehrkostheim.de\/?p=6903","title":{"rendered":"Neuwahlen bei der Feuerwehr &#8211; Wehrf\u00fchrung und Gesch\u00e4ftsf\u00fchrender Vorstand im Amt best\u00e4tigt"},"content":{"rendered":"\n<figure class=\"wp-block-image alignright size-large\"><img decoding=\"async\" src=\"https:\/\/live.staticflickr.com\/65535\/52885995465_9ae24c16ac_n.jpg\" alt=\"\"\/><\/figure>\n\n\n\n<p class=\"wp-block-paragraph\">Am Sonntag, den 7. Mai 2023 fand die diesj\u00e4hrige Jahreshauptversammlung der Freiwilligen Feuerwehr Mainz-Kostheim statt. Zahlreiche Kameradinnen und Kameraden der Einsatzabteilung sowie der Alters- und Ehrenabteilung der Wehr waren der Einladung von Wehrf\u00fchrer Michael Stark gefolgt und hatten sich im Kostheimer Ferrutiushaus versammelt.<\/p>\n\n\n\n<p class=\"wp-block-paragraph\">Auch zahlreiche Ehreng\u00e4ste konnten zu fr\u00fcher Stunde begr\u00fc\u00dft werden. Der Abteilungsleiter \u201eFreiwillige Feuerwehr\u201c der Feuerwehr Wiesbaden, Thorsten Haag, \u00fcberbrachte in Vertretung die Gr\u00fc\u00dfe des Oberb\u00fcrgermeisters sowie der Amtsleitung. Stadtbrandinspektor Uwe Waldeastel und sein Stellvertreter Lorenz Grebner bedankten sich im Namen der Stadtbrandinspektion f\u00fcr das Engagement der Wehr im vergangenen Jahr.<\/p>\n\n\n<p><!--more--><\/p>\n\n\n<p class=\"wp-block-paragraph\">Es folgten die Berichte der Wehrf\u00fchrung sowie der Jugend- und Bambinifeuerwehr. 96 Mal wurde die Kostheimer Wehr im vergangen Jahr zu Eins\u00e4tzen gerufen. Neben zahlreichen Brand- und Unwettereins\u00e4tzen geh\u00f6rten Boots- und sonstige Hilfeleistungseins\u00e4tze zum Aufgabenbereich der Wehr. Auch au\u00dferhalb des Einsatzgeschehens konnte die Kostheimer Feuerwehr auf zahlreiche erfolgreiche Aktivit\u00e4ten zur\u00fcckblicken, wie beispielsweise dem Tag der offenen T\u00fcr im Mai, der sehr gut von der Kostheimer Bev\u00f6lkerung angenommen wurde.<\/p>\n\n\n\n<p class=\"wp-block-paragraph\">Die Nachwuchsabteilungen konnten in ihren Berichten ebenso auf ein erfolgreiches Jahr zur\u00fcckblicken. Neben der positiven Mitgliederentwicklung in der Nach-Corona-Zeit stand vor allem die erfolgreiche Teilnahme an Leistungswettk\u00e4mpfen im Fokus der Berichterstattung.<\/p>\n\n\n\n<figure class=\"wp-block-image alignright size-large\"><img decoding=\"async\" src=\"https:\/\/live.staticflickr.com\/65535\/52885780684_7c83286b3e_n.jpg\" alt=\"\"\/><\/figure>\n\n\n\n<p class=\"wp-block-paragraph\">Traditionell bietet die Jahreshauptversammlung auch den Rahmen f\u00fcr Bef\u00f6rderungen und Ehrungen. So bat Abteilungsleiter Haag den Kameraden Tobias Steinmetz nach vorne und verlass ihm die Bef\u00f6rderungsurkunde zum Hauptfeuerwehrmann. F\u00fcr 20-j\u00e4hrige aktive Dienstzeit wurde dem Kameraden Christian Schmitt zudem die Ehrenmedaille in Silber des Nassauischen Feuerwehrverbandes verliehen.<\/p>\n\n\n\n<p class=\"wp-block-paragraph\">Bei der turnusgem\u00e4\u00df stattfindenden Neuwahl wurde die Wehrleitung um den Wehrf\u00fchrer Michael Stark und seinem Stellvertretener Mathias M\u00e4mpel in ihrem Amt best\u00e4tigt. Dem ebenfalls neu gew\u00e4hlten Wehrausschuss geh\u00f6ren neben dem Jugendwart Fabian Wotzlaw und dem Leiter der Bambinifeuerwehr Dimo Stark auch der neu gew\u00e4hlte Vertreter der Alters- und Ehrenabteilung, Kamerad Manfred Stein, an. Zu Beisitzern im Wehrauschuss wurden die Kameraden Rayen Touati und Pascal Schuth gew\u00e4hlt.<\/p>\n\n\n\n<figure class=\"wp-block-image aligncenter size-large\"><img decoding=\"async\" src=\"https:\/\/live.staticflickr.com\/65535\/52885615916_f8df2a0bcd_n.jpg\" alt=\"\"\/><\/figure>\n\n\n\n<div style=\"height:20px\" aria-hidden=\"true\" class=\"wp-block-spacer\"><\/div>\n\n\n\n<p class=\"wp-block-paragraph\">Bei der anschlie\u00dfenden Jahreshauptversammlung des F\u00f6rdervereins \u201eFreiwillige Feuerwehr Mainz-Kostheim e.V.\u201c standen ebenfalls Neuwahlen an. Auch hier wurde der gesch\u00e4ftsf\u00fchrende Vorstand in seinem Amt best\u00e4tigt. Zum 1. Vorsitzenden wurde erneut Michael Stark gew\u00e4hlt. 2. Vorsitzender des Vereins bleibt Mathias M\u00e4mpel, ebenso wie der Schriftf\u00fchrer Fabian Wotzlaw sowie der Kassierer Christian Schmitt. Zum Gesamtvorstand geh\u00f6ren laut Satzung zudem der Jugendwart Fabian Wotzlaw, der Leiter der Bambinifeuerwehr Dimo Stark sowie der Vertreter der Alters- und Ehrenabteilung Manfred Stein. Zu Beisitzern im Vereinsvorstand wurden au\u00dferdem Mustapha Berchane, Mathias Jost sowie Oliver Stein gew\u00e4hlt.<\/p>\n\n\n\n<figure class=\"wp-block-image aligncenter size-large\"><img decoding=\"async\" src=\"https:\/\/live.staticflickr.com\/65535\/52885041332_7489dde106_n.jpg\" alt=\"\"\/><\/figure>\n\n\n\n<div style=\"height:30px\" aria-hidden=\"true\" class=\"wp-block-spacer\"><\/div>\n\n\n\n<p class=\"wp-block-paragraph\">                    <style>\n                                            .flickr-img-responsive {\n                            width:100% !important;\n                            height:auto !important;\n                            display:block !important;\n                        }\n                        .LoadingImg img {\n                            max-width: 45px;\n                            max-height: 45px;\n                            box-shadow: none;\n                        }\n                        .wpfrank-flickr-div{\n                            padding:15px;\n                        }\n                        @media (max-width: 786px){\n                            .col-md-3 {\n                                width:49.9%;\n                                float:left;\n                            }\n                        }\n                        .play-pause {\n                            display: none !important;\n                        }\n                        .gallery6902 {\n                            overflow:hidden;\n                            clear: both;\n                        }\n                        .fnf{\n                            background-color: #a92929;\n                            border-radius: 5px;\n                            color: #fff;\n                            font-family: initial;\n                            text-align: center;\n                            padding:12px;\n                        }\n                    <\/style>\n                    <script type=\"text\/javascript\">\n                    jQuery(function() {\n                        jQuery('.gallery-6902').flickr({\n                            apiKey: '037c012784565c3b5691cc5a0aa912b7',\n                            photosetId: '72177720308165804'\n                        });\n                    });\n\n                    ;(function ($, window, document, undefined) {\n                        'use strict';\n                        var pluginName = \"flickr\",\n                            defaults = {\n                                apiKey: \"\",\n                                photosetId: \"\",\n                                errorText: \"<div class='fnf'><i class='far fa-times-circle'><\/i> Error generating gallery.<\/div>\",\n                                loadingSpeed: 38,\n                                photosLimit: 200\n                            },\n                            apiUrl = 'https:\/\/api.flickr.com\/services\/rest\/',\n                            photos = [];\n\n                        function Plugin(element, options) {\n                            this.element = $(element);\n                            this.settings = $.extend({}, defaults, options);\n                            this._defaults = defaults;\n                            this._name = pluginName;\n\n                            this._hideSpinner = function() {\n                                this.element.find('.spinner-wrapper').hide().find('*').hide();\n                            };\n\n                            this._printError = function() {\n                                this.element.find('.gallery-container').append($(\"<div><\/div>\", { \"class\": \"col-lg-12\" })\n                                    .append($(\"<div><\/div>\", { \"class\": \"error-wrapper\" })\n                                        .append($(\"<span><\/span>\", { \"class\": \"label label-danger error\" })\n                                            .html(this.settings.errorText))));\n                            };\n\n                            this._flickrAnimate = function() {\n                                this.element.find('.gallery-container img').each($.proxy(function(index, el) {\n                                    var image = el;\n                                    setTimeout(function() {\n                                        $(image).parent().fadeIn();\n                                    }, this.settings.loadingSpeed * index);\n                                }, this));\n                            };\n\n                            this._printGallery = function(photos) {\n                                var element = this.element.find('.gallery-container');\n                                if (!photos || photos.length === 0) {\n                                    this._hideSpinner();\n                                    this._printError();\n                                    return;\n                                }\n                                $.each(photos, function(key, photo) {\n                                    if (!photo || !photo.thumbnail) return; \/\/ Skip undefined or invalid photos\n                                    var img = $('<img>', { 'class': 'thumb img-thumbnail flickr-img-responsive', src: photo.thumbnail, 'alt': photo.title });\n                                    element.append($('<div><\/div>', { 'class': ' col-md-3 col-sm-4 col-center wpfrank-flickr-div' })\n                                        .append($('<a><\/a>', { 'class': '', href: photo.href, 'data-gallery': '', 'title': photo.title }).hide()\n                                            .append(img)));\n                                });\n\n                                element.imagesLoaded()\n                                    .done($.proxy(this._flickrAnimate, this))\n                                    .always($.proxy(this._hideSpinner, this));\n                            };\n\n                            this._flickrPhotoset = function(photoset) {\n                                var _this = this;\n                                photos[photoset.id] = [];\n                                $.each(photoset.photo, function(key, photo) {\n                                    if (photo.media !== \"photo\") {\n                                        return true; \/\/ Skip videos\n                                    }\n                                    if (key >= _this.settings.photosLimit) {\n                                        return false;\n                                    }\n                                    photos[photoset.id][key] = {\n                                        thumbnail: 'https:\/\/farm' + photo.farm + '.static.flickr.com\/' + photo.server + '\/' + photo.id + '_' + photo.secret + '_q.jpg',\n                                        href: 'https:\/\/farm' + photo.farm + '.static.flickr.com\/' + photo.server + '\/' + photo.id + '_' + photo.secret + '_b.jpg',\n                                        title: photo.title\n                                    };\n                                });\n\n                                console.log('Filtered photos:', photos[photoset.id]); \/\/ Debug log\n                                if (photos[photoset.id].length > 0) {\n                                    this._printGallery(photos[photoset.id]);\n                                } else {\n                                    this._hideSpinner();\n                                    this._printError();\n                                }\n                            };\n\n                            this._onFlickrResponse = function(response) {\n                                console.log('API Response:', response); \/\/ Debug log\n                                if (response.stat === \"ok\") {\n                                    this._flickrPhotoset(response.photoset);\n                                } else {\n                                    this._hideSpinner();\n                                    this._printError();\n                                }\n                            };\n\n                            this._flickrRequest = function(method, data) {\n                                var url = apiUrl + \"?format=json&jsoncallback=?&method=\" + method + \"&api_key=\" + this.settings.apiKey;\n                                $.each(data, function(key, value) {\n                                    url += \"&\" + key + \"=\" + value;\n                                });\n\n                                $.ajax({\n                                    dataType: \"json\",\n                                    url: url,\n                                    context: this,\n                                    success: this._onFlickrResponse\n                                });\n                            };\n\n                            this._flickrInit = function () {\n                                this._flickrRequest('flickr.photosets.getPhotos', {\n                                    photoset_id: this.settings.photosetId,\n                                    extras: 'media'\n                                });\n                            };\n\n                            this.init();\n                        }\n\n                        Plugin.prototype = {\n                            init: function () {\n                                this._flickrInit();\n                            }\n                        };\n\n                        $.fn[pluginName] = function (options) {\n                            this.each(function () {\n                                if (!$.data(this, \"plugin_\" + pluginName)) {\n                                    $.data(this, \"plugin_\" + pluginName, new Plugin(this, options));\n                                }\n                            });\n                            return this;\n                        };\n                    })(jQuery, window, document);\n                    <\/script>\n                    <div class=\"gallery-6902\">\n                                                    <h3>Jahreshauptversammlungen 2023 &#8211; 07.05.23<\/h3>\n                                                <div class=\"row\">\n                            <div class=\"col-xs-12 spinner-wrapper\">\n                                <div class=\"LoadingImg\"><img decoding=\"async\" src=\"https:\/\/www.feuerwehrkostheim.de\/wp-content\/plugins\/flickr-album-gallery\/img\/loading.gif\" \/><\/div>\n                            <\/div>\n                            <div align=\"center\" class=\"gallery-container\"><\/div>\n                        <\/div>\n                    <\/div>\n                    \n            <!-- Blueimp gallery -->\n            <div id=\"blueimp-gallery-6902\" class=\"blueimp-gallery blueimp-gallery-controls\">\n                <div class=\"slides\"><\/div>\n                <h3 class=\"title\"><\/h3>\n                <a class=\"prev\">\u2039<\/a>\n                <a class=\"next\">\u203a<\/a>\n                <a class=\"close\">\u00d7<\/a>\n                <a class=\"play-pause\"><\/a>\n                <ol class=\"indicator\"><\/ol>\n                <div class=\"modal fade\">\n                    <div class=\"modal-dialog\">\n                        <div class=\"modal-content\">\n                            <div class=\"modal-header\">\n                                <button type=\"button\" class=\"close\" aria-hidden=\"true\">\u00d7<\/button>\n                                <h4 class=\"modal-title\"><\/h4>\n                            <\/div>\n                            <div class=\"modal-body next\"><\/div>\n                            <div class=\"modal-footer\">\n                                <button type=\"button\" class=\"btn btn-default pull-left prev\">\n                                    <i class=\"glyphicon glyphicon-chevron-left\"><\/i>\n                                    Previous                                <\/button>\n                                <button type=\"button\" class=\"btn btn-primary next\">\n                                    Next                                    <i class=\"glyphicon glyphicon-chevron-right\"><\/i>\n                                <\/button>\n                            <\/div>\n                        <\/div>\n                    <\/div>\n                <\/div>\n            <\/div>\n\n            <script type=\"text\/javascript\">\n            jQuery(function() {\n                jQuery.extend(blueimp.Gallery.prototype.options, {\n                    useBootstrapModal: false,\n                    hidePageScrollbars: false,\n                    container: \"#blueimp-gallery-6902\",\n                });\n            });\n            <\/script>\n\n            <\/p>\n","protected":false},"excerpt":{"rendered":"<p>Am Sonntag, den 7. Mai 2023 fand die diesj\u00e4hrige Jahreshauptversammlung der Freiwilligen Feuerwehr Mainz-Kostheim statt. Zahlreiche Kameradinnen und Kameraden der Einsatzabteilung sowie der Alters- und Ehrenabteilung der Wehr waren der Einladung von Wehrf\u00fchrer Michael Stark gefolgt und hatten sich im Kostheimer Ferrutiushaus versammelt. Auch zahlreiche Ehreng\u00e4ste konnten zu fr\u00fcher Stunde begr\u00fc\u00dft werden. Der Abteilungsleiter \u201eFreiwillige [&hellip;]<\/p>\n","protected":false},"author":1,"featured_media":0,"comment_status":"closed","ping_status":"open","sticky":false,"template":"","format":"standard","meta":{"_et_pb_use_builder":"","_et_pb_old_content":"","_et_gb_content_width":"","_crdt_document":"","footnotes":""},"categories":[1,4,10],"tags":[1043,1522,191,939,193],"class_list":["post-6903","post","type-post","status-publish","format-standard","hentry","category-allgemein","category-einsatzabteilung","category-verein","tag-befoerderung","tag-ehrung","tag-jahreshauptversammlung","tag-mitgliederversammlung","tag-neuwahlen"],"_links":{"self":[{"href":"https:\/\/www.feuerwehrkostheim.de\/index.php?rest_route=\/wp\/v2\/posts\/6903","targetHints":{"allow":["GET"]}}],"collection":[{"href":"https:\/\/www.feuerwehrkostheim.de\/index.php?rest_route=\/wp\/v2\/posts"}],"about":[{"href":"https:\/\/www.feuerwehrkostheim.de\/index.php?rest_route=\/wp\/v2\/types\/post"}],"author":[{"embeddable":true,"href":"https:\/\/www.feuerwehrkostheim.de\/index.php?rest_route=\/wp\/v2\/users\/1"}],"replies":[{"embeddable":true,"href":"https:\/\/www.feuerwehrkostheim.de\/index.php?rest_route=%2Fwp%2Fv2%2Fcomments&post=6903"}],"version-history":[{"count":8,"href":"https:\/\/www.feuerwehrkostheim.de\/index.php?rest_route=\/wp\/v2\/posts\/6903\/revisions"}],"predecessor-version":[{"id":6913,"href":"https:\/\/www.feuerwehrkostheim.de\/index.php?rest_route=\/wp\/v2\/posts\/6903\/revisions\/6913"}],"wp:attachment":[{"href":"https:\/\/www.feuerwehrkostheim.de\/index.php?rest_route=%2Fwp%2Fv2%2Fmedia&parent=6903"}],"wp:term":[{"taxonomy":"category","embeddable":true,"href":"https:\/\/www.feuerwehrkostheim.de\/index.php?rest_route=%2Fwp%2Fv2%2Fcategories&post=6903"},{"taxonomy":"post_tag","embeddable":true,"href":"https:\/\/www.feuerwehrkostheim.de\/index.php?rest_route=%2Fwp%2Fv2%2Ftags&post=6903"}],"curies":[{"name":"wp","href":"https:\/\/api.w.org\/{rel}","templated":true}]}}