{"id":6866,"date":"2023-05-08T14:56:08","date_gmt":"2023-05-08T13:56:08","guid":{"rendered":"https:\/\/www.feuerwehrkostheim.de\/?p=6866"},"modified":"2023-05-08T14:56:10","modified_gmt":"2023-05-08T13:56:10","slug":"unterstuetzung-des-loeschzuges","status":"publish","type":"post","link":"https:\/\/www.feuerwehrkostheim.de\/?p=6866","title":{"rendered":"Unterst\u00fctzung des L\u00f6schzuges"},"content":{"rendered":"\n<p class=\"wp-block-paragraph\">&#x1f6a8; 28 \/ 2023<br>&#x1f4c5; 07.05.23 \u2013 &#x1f556; 15:04 Uhr<br>&#x1f4cd; Am Mainzer Weg<br>&#x1f4df; H GAS 2<br>&#x26a0;&#xfe0f; Automatische Meldeanlage<\/p>\n\n\n\n<p class=\"wp-block-paragraph\">W\u00e4hrend nach dem Einsatz in der Innsbrucker Stra\u00dfe das erste L\u00f6schfahrzeug der Kostheimer Wehr bei der Materialaufr\u00fcstung auf der Feuerwache 2 zur Einsatzbereitschaft dort behalten wurde, waren die restlichen Kameradinnen und Kameraden bereits wieder im Ger\u00e4tehaus, als f\u00fcr den Paralleleinsatz in dem Kostheimer Unternehmen vorsorglich ein weiteres L\u00f6schfahrzeug angefordert wurde. Durch die benachbarte Lage des Ger\u00e4tehauses und der damit verbundenen, \u00e4u\u00dferst kurzen Anfahrt, beorderte die Leitstelle das schon wieder am Kostheimer Standort einsatzbereite L\u00f6schfahrzeug samt Mannschaft an die Einsatzstelle. Letztendlich musste die Feuerwehr Kostheim dort jedoch nicht mehr t\u00e4tig werden. Nach einer noch kurzen Einsatzbereitschaft, bis auch die restlichen Einheiten aus Kostheim frei wurden, konnte der Feuerwehrsonntag nach zwei Jahreshauptversammlungen und insgesamt drei unterschiedlichen Eins\u00e4tzen um 16 Uhr beendet werden.<\/p>\n","protected":false},"excerpt":{"rendered":"<p>&#x1f6a8; 28 \/ 2023&#x1f4c5; 07.05.23 \u2013 &#x1f556; 15:04 Uhr&#x1f4cd; Am Mainzer Weg&#x1f4df; H GAS 2&#x26a0;&#xfe0f; Automatische Meldeanlage W\u00e4hrend nach dem Einsatz in der Innsbrucker Stra\u00dfe das erste L\u00f6schfahrzeug der Kostheimer Wehr bei der Materialaufr\u00fcstung auf der Feuerwache 2 zur Einsatzbereitschaft dort behalten wurde, waren die restlichen Kameradinnen und Kameraden bereits wieder im Ger\u00e4tehaus, als f\u00fcr [&hellip;]<\/p>\n","protected":false},"author":1,"featured_media":0,"comment_status":"closed","ping_status":"open","sticky":false,"template":"","format":"standard","meta":{"_et_pb_use_builder":"","_et_pb_old_content":"","_et_gb_content_width":"","_crdt_document":"","footnotes":""},"categories":[5],"tags":[1600,1598,1599],"class_list":["post-6866","post","type-post","status-publish","format-standard","hentry","category-einsatze","tag-automatisch","tag-hgas2","tag-meldeanlage"],"_links":{"self":[{"href":"https:\/\/www.feuerwehrkostheim.de\/index.php?rest_route=\/wp\/v2\/posts\/6866","targetHints":{"allow":["GET"]}}],"collection":[{"href":"https:\/\/www.feuerwehrkostheim.de\/index.php?rest_route=\/wp\/v2\/posts"}],"about":[{"href":"https:\/\/www.feuerwehrkostheim.de\/index.php?rest_route=\/wp\/v2\/types\/post"}],"author":[{"embeddable":true,"href":"https:\/\/www.feuerwehrkostheim.de\/index.php?rest_route=\/wp\/v2\/users\/1"}],"replies":[{"embeddable":true,"href":"https:\/\/www.feuerwehrkostheim.de\/index.php?rest_route=%2Fwp%2Fv2%2Fcomments&post=6866"}],"version-history":[{"count":1,"href":"https:\/\/www.feuerwehrkostheim.de\/index.php?rest_route=\/wp\/v2\/posts\/6866\/revisions"}],"predecessor-version":[{"id":6867,"href":"https:\/\/www.feuerwehrkostheim.de\/index.php?rest_route=\/wp\/v2\/posts\/6866\/revisions\/6867"}],"wp:attachment":[{"href":"https:\/\/www.feuerwehrkostheim.de\/index.php?rest_route=%2Fwp%2Fv2%2Fmedia&parent=6866"}],"wp:term":[{"taxonomy":"category","embeddable":true,"href":"https:\/\/www.feuerwehrkostheim.de\/index.php?rest_route=%2Fwp%2Fv2%2Fcategories&post=6866"},{"taxonomy":"post_tag","embeddable":true,"href":"https:\/\/www.feuerwehrkostheim.de\/index.php?rest_route=%2Fwp%2Fv2%2Ftags&post=6866"}],"curies":[{"name":"wp","href":"https:\/\/api.w.org\/{rel}","templated":true}]}}