{"id":6861,"date":"2023-05-08T14:39:45","date_gmt":"2023-05-08T13:39:45","guid":{"rendered":"https:\/\/www.feuerwehrkostheim.de\/?p=6861"},"modified":"2023-05-08T14:39:46","modified_gmt":"2023-05-08T13:39:46","slug":"einsatzbereitschaft-auf-der-feuerwache-2","status":"publish","type":"post","link":"https:\/\/www.feuerwehrkostheim.de\/?p=6861","title":{"rendered":"Einsatzbereitschaft auf der Feuerwache 2"},"content":{"rendered":"\n<p class=\"wp-block-paragraph\">&#x1f6a8; 27 \/ 2023<br>&#x1f4c5; 07.05.23 \u2013 &#x1f556; 14:57 Uhr<br>&#x1f4cd; Feuerwache 2<br>&#x1f4df; S WB<br>&#x26a0;&#xfe0f; Wachbesetzung<\/p>\n\n\n\n<p class=\"wp-block-paragraph\">W\u00e4hrend das Kostheimer L\u00f6schfahrzeug zur Materialaufr\u00fcstung nach dem Einsatz in der Innsbrucker Stra\u00dfe die Feuerwache 2 ansteuerte, kam es zu einem Paralleleinsatz in einem Kostheimer Unternehmen. Da die Lage dort Anfangs umfangreich erkundet werden musste und die Wache 2 sehr ausged\u00fcnnt war, verblieben die Kameraden nach erfolgtem Aufr\u00fcsten ihres Einsatzfahrzeuges noch kurze Zeit auf der Wache in Bereitschaft \u2013 eher un\u00fcblich, aber dieses Mal in schickem wei\u00dfen Hemd unter der Feuerschutzkleidung.<\/p>\n\n\n\n<figure class=\"wp-block-image size-large\"><a href=\"https:\/\/www.feuerwehrkostheim.de\/wp-content\/uploads\/2023\/05\/2023-05-07-Feuerwache-2-rotated.jpeg\"><img loading=\"lazy\" decoding=\"async\" width=\"1024\" height=\"768\" src=\"https:\/\/www.feuerwehrkostheim.de\/wp-content\/uploads\/2023\/05\/2023-05-07-Feuerwache-2-1024x768.jpeg\" alt=\"\" class=\"wp-image-6863\" srcset=\"https:\/\/www.feuerwehrkostheim.de\/wp-content\/uploads\/2023\/05\/2023-05-07-Feuerwache-2-1024x768.jpeg 1024w, https:\/\/www.feuerwehrkostheim.de\/wp-content\/uploads\/2023\/05\/2023-05-07-Feuerwache-2-300x225.jpeg 300w, https:\/\/www.feuerwehrkostheim.de\/wp-content\/uploads\/2023\/05\/2023-05-07-Feuerwache-2-768x576.jpeg 768w, https:\/\/www.feuerwehrkostheim.de\/wp-content\/uploads\/2023\/05\/2023-05-07-Feuerwache-2-1536x1152.jpeg 1536w, https:\/\/www.feuerwehrkostheim.de\/wp-content\/uploads\/2023\/05\/2023-05-07-Feuerwache-2-rotated.jpeg 2016w\" sizes=\"(max-width: 1024px) 100vw, 1024px\" \/><\/a><\/figure>\n","protected":false},"excerpt":{"rendered":"<p>&#x1f6a8; 27 \/ 2023&#x1f4c5; 07.05.23 \u2013 &#x1f556; 14:57 Uhr&#x1f4cd; Feuerwache 2&#x1f4df; S WB&#x26a0;&#xfe0f; Wachbesetzung W\u00e4hrend das Kostheimer L\u00f6schfahrzeug zur Materialaufr\u00fcstung nach dem Einsatz in der Innsbrucker Stra\u00dfe die Feuerwache 2 ansteuerte, kam es zu einem Paralleleinsatz in einem Kostheimer Unternehmen. Da die Lage dort Anfangs umfangreich erkundet werden musste und die Wache 2 sehr ausged\u00fcnnt [&hellip;]<\/p>\n","protected":false},"author":1,"featured_media":0,"comment_status":"closed","ping_status":"open","sticky":false,"template":"","format":"standard","meta":{"_et_pb_use_builder":"","_et_pb_old_content":"","_et_gb_content_width":"","_crdt_document":"","footnotes":""},"categories":[5],"tags":[1161,993,1305,243],"class_list":["post-6861","post","type-post","status-publish","format-standard","hentry","category-einsatze","tag-einsatzbereitschaft","tag-feuerwache","tag-swb","tag-wachbesetzung"],"_links":{"self":[{"href":"https:\/\/www.feuerwehrkostheim.de\/index.php?rest_route=\/wp\/v2\/posts\/6861","targetHints":{"allow":["GET"]}}],"collection":[{"href":"https:\/\/www.feuerwehrkostheim.de\/index.php?rest_route=\/wp\/v2\/posts"}],"about":[{"href":"https:\/\/www.feuerwehrkostheim.de\/index.php?rest_route=\/wp\/v2\/types\/post"}],"author":[{"embeddable":true,"href":"https:\/\/www.feuerwehrkostheim.de\/index.php?rest_route=\/wp\/v2\/users\/1"}],"replies":[{"embeddable":true,"href":"https:\/\/www.feuerwehrkostheim.de\/index.php?rest_route=%2Fwp%2Fv2%2Fcomments&post=6861"}],"version-history":[{"count":2,"href":"https:\/\/www.feuerwehrkostheim.de\/index.php?rest_route=\/wp\/v2\/posts\/6861\/revisions"}],"predecessor-version":[{"id":6865,"href":"https:\/\/www.feuerwehrkostheim.de\/index.php?rest_route=\/wp\/v2\/posts\/6861\/revisions\/6865"}],"wp:attachment":[{"href":"https:\/\/www.feuerwehrkostheim.de\/index.php?rest_route=%2Fwp%2Fv2%2Fmedia&parent=6861"}],"wp:term":[{"taxonomy":"category","embeddable":true,"href":"https:\/\/www.feuerwehrkostheim.de\/index.php?rest_route=%2Fwp%2Fv2%2Fcategories&post=6861"},{"taxonomy":"post_tag","embeddable":true,"href":"https:\/\/www.feuerwehrkostheim.de\/index.php?rest_route=%2Fwp%2Fv2%2Ftags&post=6861"}],"curies":[{"name":"wp","href":"https:\/\/api.w.org\/{rel}","templated":true}]}}