{"id":6859,"date":"2023-05-08T14:38:09","date_gmt":"2023-05-08T13:38:09","guid":{"rendered":"https:\/\/www.feuerwehrkostheim.de\/?p=6859"},"modified":"2023-05-08T14:38:11","modified_gmt":"2023-05-08T13:38:11","slug":"pellet-heizung-loest-feuerwehreinsatz-aus","status":"publish","type":"post","link":"https:\/\/www.feuerwehrkostheim.de\/?p=6859","title":{"rendered":"Pellet-Heizung l\u00f6st Feuerwehreinsatz aus"},"content":{"rendered":"\n<p class=\"wp-block-paragraph\">&#x1f6a8; 26 \/ 2023<br>&#x1f4c5; 07.05.23 \u2013 &#x1f556; 14:11 Uhr<br>&#x1f4cd; Innsbrucker Stra\u00dfe<br>&#x1f4df; F 2<br>&#x26a0;&#xfe0f; Rauchentwicklung aus dem Dach<\/p>\n\n\n\n<p class=\"wp-block-paragraph\">Am Sonntagmittag, die Abbauarbeiten der gerade im Ferrutiushaus stattgefundenen Hauptversammlungen von Einsatzabteilung und Verein waren gerade in vollem Gange, wurde die Kostheimer Feuerwehr zu einer gemeldeten Rauchentwicklung in die Innsbrucker Stra\u00dfe alarmiert. Als man mit dem ersten L\u00f6schfahrzeug in der Siedlung eintraf, konnte man die ungew\u00f6hnlich starke und dunkle Rauchentwicklung best\u00e4tigen. Anders als gemeldet trat sie jedoch aus einer Schornstein\u00f6ffnung heraus. Da davon ausgegangen werden musste, dass die Ursache hierf\u00fcr im Bereich der Heizungsanlage im Keller lag, r\u00fcstete sich ein Trupp mit Atemschutz aus und bekam den Auftrag, mit einem Strahlrohr in den Keller zur Erkundung vorzugehen. Parallel brachte man die Drehleiter in Stellung, um von oben den Bereich erg\u00e4nzend in Augenschein zu nehmen. Bevor der Angriffstrupp jedoch im Keller ankam, stellte sich heraus, dass aktuell Handwerker damit Besch\u00e4ftigt waren, die defekte Pellet-Zentral-Heizung korrekt einzustellen. Dies f\u00fchrte zur eher ungew\u00f6hnlichen Rauchentwicklung. F\u00fcr die Feuerwehr konnte der Einsatz somit zeitnah wieder beendet werden.<\/p>\n\n\n\n<p class=\"wp-block-paragraph\"><\/p>\n","protected":false},"excerpt":{"rendered":"<p>&#x1f6a8; 26 \/ 2023&#x1f4c5; 07.05.23 \u2013 &#x1f556; 14:11 Uhr&#x1f4cd; Innsbrucker Stra\u00dfe&#x1f4df; F 2&#x26a0;&#xfe0f; Rauchentwicklung aus dem Dach Am Sonntagmittag, die Abbauarbeiten der gerade im Ferrutiushaus stattgefundenen Hauptversammlungen von Einsatzabteilung und Verein waren gerade in vollem Gange, wurde die Kostheimer Feuerwehr zu einer gemeldeten Rauchentwicklung in die Innsbrucker Stra\u00dfe alarmiert. Als man mit dem ersten L\u00f6schfahrzeug [&hellip;]<\/p>\n","protected":false},"author":1,"featured_media":0,"comment_status":"closed","ping_status":"open","sticky":false,"template":"","format":"standard","meta":{"_et_pb_use_builder":"","_et_pb_old_content":"","_et_gb_content_width":"","_crdt_document":"","footnotes":""},"categories":[5],"tags":[44,112,1172,18,1265,113,288,111],"class_list":["post-6859","post","type-post","status-publish","format-standard","hentry","category-einsatze","tag-atemschutz","tag-brandverdacht","tag-defekt","tag-drehleiter","tag-f2","tag-fehlalarm","tag-heizung","tag-rauchentwicklung"],"_links":{"self":[{"href":"https:\/\/www.feuerwehrkostheim.de\/index.php?rest_route=\/wp\/v2\/posts\/6859","targetHints":{"allow":["GET"]}}],"collection":[{"href":"https:\/\/www.feuerwehrkostheim.de\/index.php?rest_route=\/wp\/v2\/posts"}],"about":[{"href":"https:\/\/www.feuerwehrkostheim.de\/index.php?rest_route=\/wp\/v2\/types\/post"}],"author":[{"embeddable":true,"href":"https:\/\/www.feuerwehrkostheim.de\/index.php?rest_route=\/wp\/v2\/users\/1"}],"replies":[{"embeddable":true,"href":"https:\/\/www.feuerwehrkostheim.de\/index.php?rest_route=%2Fwp%2Fv2%2Fcomments&post=6859"}],"version-history":[{"count":2,"href":"https:\/\/www.feuerwehrkostheim.de\/index.php?rest_route=\/wp\/v2\/posts\/6859\/revisions"}],"predecessor-version":[{"id":6864,"href":"https:\/\/www.feuerwehrkostheim.de\/index.php?rest_route=\/wp\/v2\/posts\/6859\/revisions\/6864"}],"wp:attachment":[{"href":"https:\/\/www.feuerwehrkostheim.de\/index.php?rest_route=%2Fwp%2Fv2%2Fmedia&parent=6859"}],"wp:term":[{"taxonomy":"category","embeddable":true,"href":"https:\/\/www.feuerwehrkostheim.de\/index.php?rest_route=%2Fwp%2Fv2%2Fcategories&post=6859"},{"taxonomy":"post_tag","embeddable":true,"href":"https:\/\/www.feuerwehrkostheim.de\/index.php?rest_route=%2Fwp%2Fv2%2Ftags&post=6859"}],"curies":[{"name":"wp","href":"https:\/\/api.w.org\/{rel}","templated":true}]}}