{"id":6842,"date":"2023-04-22T13:27:30","date_gmt":"2023-04-22T12:27:30","guid":{"rendered":"https:\/\/www.feuerwehrkostheim.de\/?p=6842"},"modified":"2023-04-22T13:29:08","modified_gmt":"2023-04-22T12:29:08","slug":"gartenfeuer-sorgt-fuer-einen-brandverdacht","status":"publish","type":"post","link":"https:\/\/www.feuerwehrkostheim.de\/?p=6842","title":{"rendered":"Gartenfeuer sorgt f\u00fcr einen Brandverdacht"},"content":{"rendered":"\n<p class=\"wp-block-paragraph\">&#x1f6a8; 23 \/ 2023<br>&#x1f4c5; 21.04.23 \u2013 &#x1f556; 23:21 Uhr<br>&#x1f4cd; Anton-Hehn-Stra\u00dfe<br>&#x1f4df; F 2<br>&#x26a0;&#xfe0f; Brandverdacht &#8211; Brandgeruch<\/p>\n\n\n\n<p class=\"wp-block-paragraph\">Zu einem gemeldeten Brandverdacht in der Anton-Hehn-Stra\u00dfe musste am sp\u00e4ten Freitagabend die Kostheimer Wehr zusammen mit dem L\u00f6schzug der Berufsfeuerwehr ausr\u00fccken. Vor Ort angekommen konnte man lediglich leichten Brandgeruch feststellen. Gemeinsam mit den Kollegen der Polizei erkundete man den angrenzenden Bereich und wurde in einem nahen gelegenen Gartengrundst\u00fcck f\u00fcndig. Der Besitzer hatte in einer Blechtonne ein bewachtes Lagerfeuer entz\u00fcndet, weswegen die Feuerwehr kurze Zeit sp\u00e4ter wieder abr\u00fccken konnte.<\/p>\n","protected":false},"excerpt":{"rendered":"<p>&#x1f6a8; 23 \/ 2023&#x1f4c5; 21.04.23 \u2013 &#x1f556; 23:21 Uhr&#x1f4cd; Anton-Hehn-Stra\u00dfe&#x1f4df; F 2&#x26a0;&#xfe0f; Brandverdacht &#8211; Brandgeruch Zu einem gemeldeten Brandverdacht in der Anton-Hehn-Stra\u00dfe musste am sp\u00e4ten Freitagabend die Kostheimer Wehr zusammen mit dem L\u00f6schzug der Berufsfeuerwehr ausr\u00fccken. Vor Ort angekommen konnte man lediglich leichten Brandgeruch feststellen. Gemeinsam mit den Kollegen der Polizei erkundete man den angrenzenden [&hellip;]<\/p>\n","protected":false},"author":1,"featured_media":0,"comment_status":"closed","ping_status":"open","sticky":false,"template":"","format":"standard","meta":{"_et_pb_use_builder":"","_et_pb_old_content":"","_et_gb_content_width":"","_crdt_document":"","footnotes":""},"categories":[5],"tags":[112,1213,1265,113,863,795,1499],"class_list":["post-6842","post","type-post","status-publish","format-standard","hentry","category-einsatze","tag-brandverdacht","tag-erkundung","tag-f2","tag-fehlalarm","tag-garten","tag-gartenfeuer","tag-loeschzug"],"_links":{"self":[{"href":"https:\/\/www.feuerwehrkostheim.de\/index.php?rest_route=\/wp\/v2\/posts\/6842","targetHints":{"allow":["GET"]}}],"collection":[{"href":"https:\/\/www.feuerwehrkostheim.de\/index.php?rest_route=\/wp\/v2\/posts"}],"about":[{"href":"https:\/\/www.feuerwehrkostheim.de\/index.php?rest_route=\/wp\/v2\/types\/post"}],"author":[{"embeddable":true,"href":"https:\/\/www.feuerwehrkostheim.de\/index.php?rest_route=\/wp\/v2\/users\/1"}],"replies":[{"embeddable":true,"href":"https:\/\/www.feuerwehrkostheim.de\/index.php?rest_route=%2Fwp%2Fv2%2Fcomments&post=6842"}],"version-history":[{"count":2,"href":"https:\/\/www.feuerwehrkostheim.de\/index.php?rest_route=\/wp\/v2\/posts\/6842\/revisions"}],"predecessor-version":[{"id":6844,"href":"https:\/\/www.feuerwehrkostheim.de\/index.php?rest_route=\/wp\/v2\/posts\/6842\/revisions\/6844"}],"wp:attachment":[{"href":"https:\/\/www.feuerwehrkostheim.de\/index.php?rest_route=%2Fwp%2Fv2%2Fmedia&parent=6842"}],"wp:term":[{"taxonomy":"category","embeddable":true,"href":"https:\/\/www.feuerwehrkostheim.de\/index.php?rest_route=%2Fwp%2Fv2%2Fcategories&post=6842"},{"taxonomy":"post_tag","embeddable":true,"href":"https:\/\/www.feuerwehrkostheim.de\/index.php?rest_route=%2Fwp%2Fv2%2Ftags&post=6842"}],"curies":[{"name":"wp","href":"https:\/\/api.w.org\/{rel}","templated":true}]}}