{"id":6786,"date":"2023-03-07T13:08:48","date_gmt":"2023-03-07T12:08:48","guid":{"rendered":"https:\/\/www.feuerwehrkostheim.de\/?p=6786"},"modified":"2023-03-07T13:08:48","modified_gmt":"2023-03-07T12:08:48","slug":"brandverdacht-in-der-hauptstrasse-3","status":"publish","type":"post","link":"https:\/\/www.feuerwehrkostheim.de\/?p=6786","title":{"rendered":"Brandverdacht in der Hauptstra\u00dfe"},"content":{"rendered":"\n<p class=\"wp-block-paragraph\">&#x1f6a8; 19 \/ 2023<br>&#x1f4c5; 06.03.23 &#8211; &#x1f556; 20:40 Uhr<br>&#x1f4cd; Hauptstra\u00dfe <br>&#x1f4df; F 2<br>&#x26a0;&#xfe0f; Brandverdacht<\/p>\n\n\n\n<p class=\"wp-block-paragraph\">Zu einem Brandverdacht in der Hauptstra\u00dfe wurden am Montagabend die Feuerwehr Kostheim sowie der L\u00f6schzug der Feuerwache 2 alarmiert. Das kurze Zeit sp\u00e4ter eintreffende erste L\u00f6schfahrzeug der Kostheimer Wehr nahm Kontakt zu den Anrufern auf und begann mit der Erkundung der Lage. Zusammen mit den hauptamtlichen Kr\u00e4ften \u00fcberpr\u00fcfte man neben dem Keller und Treppenhaus des Mehrfamilienhauses auch eine Wohnung. Da kein Feuer oder sonstige Gef\u00e4hrdung festgestellt werden konnte, r\u00fcckten die eingebundenen Einheiten kurz darauf wieder ein.<\/p>\n","protected":false},"excerpt":{"rendered":"<p>&#x1f6a8; 19 \/ 2023&#x1f4c5; 06.03.23 &#8211; &#x1f556; 20:40 Uhr&#x1f4cd; Hauptstra\u00dfe &#x1f4df; F 2&#x26a0;&#xfe0f; Brandverdacht Zu einem Brandverdacht in der Hauptstra\u00dfe wurden am Montagabend die Feuerwehr Kostheim sowie der L\u00f6schzug der Feuerwache 2 alarmiert. Das kurze Zeit sp\u00e4ter eintreffende erste L\u00f6schfahrzeug der Kostheimer Wehr nahm Kontakt zu den Anrufern auf und begann mit der Erkundung der [&hellip;]<\/p>\n","protected":false},"author":1,"featured_media":0,"comment_status":"closed","ping_status":"open","sticky":false,"template":"","format":"standard","meta":{"_et_pb_use_builder":"","_et_pb_old_content":"","_et_gb_content_width":"","_crdt_document":"","footnotes":""},"categories":[5],"tags":[112,1265,113],"class_list":["post-6786","post","type-post","status-publish","format-standard","hentry","category-einsatze","tag-brandverdacht","tag-f2","tag-fehlalarm"],"_links":{"self":[{"href":"https:\/\/www.feuerwehrkostheim.de\/index.php?rest_route=\/wp\/v2\/posts\/6786","targetHints":{"allow":["GET"]}}],"collection":[{"href":"https:\/\/www.feuerwehrkostheim.de\/index.php?rest_route=\/wp\/v2\/posts"}],"about":[{"href":"https:\/\/www.feuerwehrkostheim.de\/index.php?rest_route=\/wp\/v2\/types\/post"}],"author":[{"embeddable":true,"href":"https:\/\/www.feuerwehrkostheim.de\/index.php?rest_route=\/wp\/v2\/users\/1"}],"replies":[{"embeddable":true,"href":"https:\/\/www.feuerwehrkostheim.de\/index.php?rest_route=%2Fwp%2Fv2%2Fcomments&post=6786"}],"version-history":[{"count":1,"href":"https:\/\/www.feuerwehrkostheim.de\/index.php?rest_route=\/wp\/v2\/posts\/6786\/revisions"}],"predecessor-version":[{"id":6787,"href":"https:\/\/www.feuerwehrkostheim.de\/index.php?rest_route=\/wp\/v2\/posts\/6786\/revisions\/6787"}],"wp:attachment":[{"href":"https:\/\/www.feuerwehrkostheim.de\/index.php?rest_route=%2Fwp%2Fv2%2Fmedia&parent=6786"}],"wp:term":[{"taxonomy":"category","embeddable":true,"href":"https:\/\/www.feuerwehrkostheim.de\/index.php?rest_route=%2Fwp%2Fv2%2Fcategories&post=6786"},{"taxonomy":"post_tag","embeddable":true,"href":"https:\/\/www.feuerwehrkostheim.de\/index.php?rest_route=%2Fwp%2Fv2%2Ftags&post=6786"}],"curies":[{"name":"wp","href":"https:\/\/api.w.org\/{rel}","templated":true}]}}