{"id":6772,"date":"2023-03-05T13:07:37","date_gmt":"2023-03-05T12:07:37","guid":{"rendered":"https:\/\/www.feuerwehrkostheim.de\/?p=6772"},"modified":"2023-03-05T13:08:14","modified_gmt":"2023-03-05T12:08:14","slug":"jugendfeuerwehr-beim-akk-fastnachtsumzug","status":"publish","type":"post","link":"https:\/\/www.feuerwehrkostheim.de\/?p=6772","title":{"rendered":"Jugendfeuerwehr beim AKK Fastnachtsumzug"},"content":{"rendered":"\n<p class=\"wp-block-paragraph\">Die Vorbereitungen f\u00fcr den AKK-Fastnachtsumzug begannen in diesem Jahr bereits schon vor einigen Monaten. Man musste sich auf die Suche nach einem geeigneten Fahrzeug f\u00fcr den Umzug machen. Schlie\u00dflich ist man im vergangenen Jahr bei der Baumschule Heinrich aus Bischofsheim f\u00fcndig geworden. Diese stellte ihren LKW f\u00fcr den Fastnachtsumzug zur Verf\u00fcgung. Nun galt es, in den Wochen zuvor eine T\u00dcV-konforme Konstruktion auf die Ladefl\u00e4che zu bauen. Nach vielen Stunden Arbeit und der erfolgreichen T\u00dcV-Abnahme in den Tagen vor dem Umzug, traf sich die Jugendfeuerwehr am Fastnachtsamstag p\u00fcnktlich um 11:11 Uhr am Ger\u00e4tehaus.<\/p>\n\n\n\n<figure class=\"wp-block-image size-large\"><a href=\"https:\/\/www.feuerwehrkostheim.de\/wp-content\/uploads\/2023\/03\/2023-02-18-Rekrutenumzug-scaled.jpg\" target=\"_blank\" rel=\"noreferrer noopener\"><img loading=\"lazy\" decoding=\"async\" width=\"1024\" height=\"534\" src=\"https:\/\/www.feuerwehrkostheim.de\/wp-content\/uploads\/2023\/03\/2023-02-18-Rekrutenumzug-1024x534.jpg\" alt=\"\" class=\"wp-image-6771\" srcset=\"https:\/\/www.feuerwehrkostheim.de\/wp-content\/uploads\/2023\/03\/2023-02-18-Rekrutenumzug-1024x534.jpg 1024w, https:\/\/www.feuerwehrkostheim.de\/wp-content\/uploads\/2023\/03\/2023-02-18-Rekrutenumzug-300x157.jpg 300w, https:\/\/www.feuerwehrkostheim.de\/wp-content\/uploads\/2023\/03\/2023-02-18-Rekrutenumzug-768x401.jpg 768w, https:\/\/www.feuerwehrkostheim.de\/wp-content\/uploads\/2023\/03\/2023-02-18-Rekrutenumzug-1536x802.jpg 1536w, https:\/\/www.feuerwehrkostheim.de\/wp-content\/uploads\/2023\/03\/2023-02-18-Rekrutenumzug-2048x1069.jpg 2048w\" sizes=\"(max-width: 1024px) 100vw, 1024px\" \/><\/a><\/figure>\n\n\n<p><!--more--><\/p>\n\n\n<p class=\"has-text-align-left wp-block-paragraph\">Unter dem Motto <\/p>\n\n\n\n<p class=\"has-text-align-center wp-block-paragraph\"><strong>\u201eLF, Blaulicht, Martinshorn \u2013 ist das nicht genug Ansporn?<br>Mit dem Strahlrohr in der Hand, l\u00f6schst auch Du gewiss \u2018nen Brand\u201c <\/strong><\/p>\n\n\n\n<p class=\"has-text-align-left wp-block-paragraph\">machte man sich mit der Zugnummer 33 auf den Weg zum Aufstellungsplatz. Dort angekommen, gab es die traditionelle St\u00e4rkung in Form von Weck und Worscht. Mit gest\u00e4rktem Magen konnte man sich nun auf den Weg durch die Stra\u00dfe von Kastel und Kostheim machen. Selbst der einsetzende Regen konnte die Fastnachtsstimmung nicht vermiesen und die Nachwuchsblaur\u00f6cke haben sich nach zwei Jahren Pause wieder gefreut, am Umzug teilzunehmen.<\/p>\n\n\n\n<p class=\"wp-block-paragraph\">Der gr\u00f6\u00dfte Dank in diesem Jahr geht an die Baumschule Heinrich aus Bischofsheim, ohne die eine Teilnahme mit Fastnachtswagen nicht m\u00f6glich gewesen w\u00e4re.<\/p>\n","protected":false},"excerpt":{"rendered":"<p>Die Vorbereitungen f\u00fcr den AKK-Fastnachtsumzug begannen in diesem Jahr bereits schon vor einigen Monaten. Man musste sich auf die Suche nach einem geeigneten Fahrzeug f\u00fcr den Umzug machen. Schlie\u00dflich ist man im vergangenen Jahr bei der Baumschule Heinrich aus Bischofsheim f\u00fcndig geworden. Diese stellte ihren LKW f\u00fcr den Fastnachtsumzug zur Verf\u00fcgung. Nun galt es, in [&hellip;]<\/p>\n","protected":false},"author":1,"featured_media":0,"comment_status":"closed","ping_status":"open","sticky":false,"template":"","format":"standard","meta":{"_et_pb_use_builder":"","_et_pb_old_content":"","_et_gb_content_width":"","_crdt_document":"","footnotes":""},"categories":[7],"tags":[190,1580,187,1579,338,189,1578],"class_list":["post-6772","post","type-post","status-publish","format-standard","hentry","category-jugendfeuerwehr","tag-akk","tag-baumschule","tag-fastnacht","tag-heinrich","tag-strase","tag-umzug","tag-wagen"],"_links":{"self":[{"href":"https:\/\/www.feuerwehrkostheim.de\/index.php?rest_route=\/wp\/v2\/posts\/6772","targetHints":{"allow":["GET"]}}],"collection":[{"href":"https:\/\/www.feuerwehrkostheim.de\/index.php?rest_route=\/wp\/v2\/posts"}],"about":[{"href":"https:\/\/www.feuerwehrkostheim.de\/index.php?rest_route=\/wp\/v2\/types\/post"}],"author":[{"embeddable":true,"href":"https:\/\/www.feuerwehrkostheim.de\/index.php?rest_route=\/wp\/v2\/users\/1"}],"replies":[{"embeddable":true,"href":"https:\/\/www.feuerwehrkostheim.de\/index.php?rest_route=%2Fwp%2Fv2%2Fcomments&post=6772"}],"version-history":[{"count":2,"href":"https:\/\/www.feuerwehrkostheim.de\/index.php?rest_route=\/wp\/v2\/posts\/6772\/revisions"}],"predecessor-version":[{"id":6774,"href":"https:\/\/www.feuerwehrkostheim.de\/index.php?rest_route=\/wp\/v2\/posts\/6772\/revisions\/6774"}],"wp:attachment":[{"href":"https:\/\/www.feuerwehrkostheim.de\/index.php?rest_route=%2Fwp%2Fv2%2Fmedia&parent=6772"}],"wp:term":[{"taxonomy":"category","embeddable":true,"href":"https:\/\/www.feuerwehrkostheim.de\/index.php?rest_route=%2Fwp%2Fv2%2Fcategories&post=6772"},{"taxonomy":"post_tag","embeddable":true,"href":"https:\/\/www.feuerwehrkostheim.de\/index.php?rest_route=%2Fwp%2Fv2%2Ftags&post=6772"}],"curies":[{"name":"wp","href":"https:\/\/api.w.org\/{rel}","templated":true}]}}