{"id":6764,"date":"2023-02-24T12:50:07","date_gmt":"2023-02-24T11:50:07","guid":{"rendered":"https:\/\/www.feuerwehrkostheim.de\/?p=6764"},"modified":"2023-02-24T12:52:30","modified_gmt":"2023-02-24T11:52:30","slug":"lagerhallenbrand-in-erbenheim-sorgt-fuer-wachbesetzungseinsatz","status":"publish","type":"post","link":"https:\/\/www.feuerwehrkostheim.de\/?p=6764","title":{"rendered":"Lagerhallenbrand in Erbenheim sorgt f\u00fcr Wachbesetzung"},"content":{"rendered":"\n<p class=\"wp-block-paragraph\">&#x1f6a8; 17 \/ 2023<br>&#x1f4c5; 24.02.23 &#8211; &#x1f556; 01:47 Uhr<br>&#x1f4cd; Feuerwehrger\u00e4tehaus<br>&#x1f4df; S WB<br>&#x26a0;&#xfe0f; Wachbesetzung<\/p>\n\n\n\n<p class=\"wp-block-paragraph\">Nachdem man schon am Donnerstagmittag f\u00fcr eine Wachbesetzung alarmiert werden musste, l\u00f6ste die Leistelle auch in der Nacht auf Freitag die Pager der Feuerwehren Kostheim und Schierstein aus, um die Einsatzbereitschaft im Wachbezirk 2 herzustellen. Grund f\u00fcr die leergefegte Feuerwache 2 war ein Lagerhallenbrand in Erbenheim. Von der Alarmierung gegen 1:45 Uhr bis zum Ende der Einsatzbereitschaft um 5 Uhr musste gl\u00fccklicher Weise zu keinem weiteren Einsatz ausger\u00fcckt werden. &nbsp;<\/p>\n","protected":false},"excerpt":{"rendered":"<p>&#x1f6a8; 17 \/ 2023&#x1f4c5; 24.02.23 &#8211; &#x1f556; 01:47 Uhr&#x1f4cd; Feuerwehrger\u00e4tehaus&#x1f4df; S WB&#x26a0;&#xfe0f; Wachbesetzung Nachdem man schon am Donnerstagmittag f\u00fcr eine Wachbesetzung alarmiert werden musste, l\u00f6ste die Leistelle auch in der Nacht auf Freitag die Pager der Feuerwehren Kostheim und Schierstein aus, um die Einsatzbereitschaft im Wachbezirk 2 herzustellen. Grund f\u00fcr die leergefegte Feuerwache 2 war [&hellip;]<\/p>\n","protected":false},"author":1,"featured_media":0,"comment_status":"closed","ping_status":"open","sticky":false,"template":"","format":"standard","meta":{"_et_pb_use_builder":"","_et_pb_old_content":"","_et_gb_content_width":"","_crdt_document":"","footnotes":""},"categories":[5],"tags":[50,444,31,1350,268,1305,243],"class_list":["post-6764","post","type-post","status-publish","format-standard","hentry","category-einsatze","tag-brand","tag-erbenheim","tag-feuer","tag-feuerwehrgeraetehaus","tag-lagerhalle","tag-swb","tag-wachbesetzung"],"_links":{"self":[{"href":"https:\/\/www.feuerwehrkostheim.de\/index.php?rest_route=\/wp\/v2\/posts\/6764","targetHints":{"allow":["GET"]}}],"collection":[{"href":"https:\/\/www.feuerwehrkostheim.de\/index.php?rest_route=\/wp\/v2\/posts"}],"about":[{"href":"https:\/\/www.feuerwehrkostheim.de\/index.php?rest_route=\/wp\/v2\/types\/post"}],"author":[{"embeddable":true,"href":"https:\/\/www.feuerwehrkostheim.de\/index.php?rest_route=\/wp\/v2\/users\/1"}],"replies":[{"embeddable":true,"href":"https:\/\/www.feuerwehrkostheim.de\/index.php?rest_route=%2Fwp%2Fv2%2Fcomments&post=6764"}],"version-history":[{"count":2,"href":"https:\/\/www.feuerwehrkostheim.de\/index.php?rest_route=\/wp\/v2\/posts\/6764\/revisions"}],"predecessor-version":[{"id":6766,"href":"https:\/\/www.feuerwehrkostheim.de\/index.php?rest_route=\/wp\/v2\/posts\/6764\/revisions\/6766"}],"wp:attachment":[{"href":"https:\/\/www.feuerwehrkostheim.de\/index.php?rest_route=%2Fwp%2Fv2%2Fmedia&parent=6764"}],"wp:term":[{"taxonomy":"category","embeddable":true,"href":"https:\/\/www.feuerwehrkostheim.de\/index.php?rest_route=%2Fwp%2Fv2%2Fcategories&post=6764"},{"taxonomy":"post_tag","embeddable":true,"href":"https:\/\/www.feuerwehrkostheim.de\/index.php?rest_route=%2Fwp%2Fv2%2Ftags&post=6764"}],"curies":[{"name":"wp","href":"https:\/\/api.w.org\/{rel}","templated":true}]}}