{"id":6737,"date":"2023-02-11T13:33:52","date_gmt":"2023-02-11T12:33:52","guid":{"rendered":"https:\/\/www.feuerwehrkostheim.de\/?p=6737"},"modified":"2023-02-21T17:47:28","modified_gmt":"2023-02-21T16:47:28","slug":"menschenrettung-bei-wohnungsbrand-in-kastel","status":"publish","type":"post","link":"https:\/\/www.feuerwehrkostheim.de\/?p=6737","title":{"rendered":"Menschenrettung bei Wohnungsbrand in Kastel"},"content":{"rendered":"\n<figure class=\"wp-block-image alignright size-large\"><img decoding=\"async\" src=\"https:\/\/live.staticflickr.com\/65535\/52682438443_af5b1c71e8_n.jpg\" alt=\"\"\/><\/figure>\n\n\n\n<p class=\"wp-block-paragraph\">&#x1f6a8; 11 \/ 2023<br>&#x1f4c5; 10.02.23 &#8211; &#x1f556; 10:40 Uhr<br>&#x1f4cd; Frankfurter Stra\u00dfe <br>&#x1f4df; F 2 Y &#8211; Alarmgruppe mit FF Kastel<br>&#x26a0;&#xfe0f; Feuer<\/p>\n\n\n\n<p class=\"wp-block-paragraph\">Am Freitagvormittag mussten die Freiwilligen Feuerwehren aus Kostheim und Kastel zusammen mit dem L\u00f6schzug der Berufsfeuerwehr zu einem gemeldeten Wohnungsbrand in die Frankfurter Stra\u00dfe ausr\u00fccken. Durch die eingegangenen Notrufe wurde schon bei der Alarmierung das Einsatzstichwort auf \u201eFeuer mit Menschen in Gefahr\u201c eingestuft. Beim Eintreffen der Feuerwehr drang bereits dichter Rauch aus dem Geb\u00e4ude. W\u00e4hrend auf der R\u00fcckseite des Mehrfamilienhauses eine Person \u00fcber die Drehleiter gerettet werden musste, evakuierten weitere Trupps unter Atemschutz die noch im Geb\u00e4ude befindlichen Bewohner. Da das Treppenhaus oberhalb der Brandwohnung verraucht war, und somit der Rettungsweg abgeschnitten war, kamen hierf\u00fcr auch sogenannte Fluchthauben zum Einsatz. Parallel zur R\u00e4umung des Hauses konnte ein L\u00f6schangriff gestartet werden, der sodann auch zeitnah Wirkung zeigte.<\/p>\n\n\n<p><!--more--><\/p>\n\n\n<figure class=\"wp-block-image alignleft size-large\"><img decoding=\"async\" src=\"https:\/\/live.staticflickr.com\/65535\/52682438393_649df31d0a_n.jpg\" alt=\"\"\/><\/figure>\n\n\n\n<p class=\"wp-block-paragraph\">Durch den Rettungsdienst, der mit insgesamt vier Rettungswagen, einem Notarzteinsatzfahrzeug sowie der Einsatzleitung Rettungsdienst vor Ort war, wurden die Betroffenen gesichtet und erstversorgt. Ein schwer verletzter Bewohner musste, ebenso wie eine weitere mittelschwer verletzte Person, in Wiesbadener Kliniken eingeliefert werden.<\/p>\n\n\n\n<p class=\"wp-block-paragraph\">Nachdem das Feuer gel\u00f6scht war, mussten die \u00fcbrigen Wohnung in dem betroffenen Geb\u00e4udekomplex \u00fcberpr\u00fcft werden. Dort wo niemand die Wohnungst\u00fcren \u00f6ffnete, wurde sich zur \u00dcberpr\u00fcfung der R\u00e4umlichkeiten gewaltsam Zutritt zu den jeweiligen Wohnungen verschafft. Zus\u00e4tzlich sorgte man mittels eines Hochleistungsl\u00fcfters f\u00fcr die n\u00f6tige Entrauchung im Geb\u00e4udeinneren.<\/p>\n\n\n\n<p class=\"wp-block-paragraph\">Neben der Brandwohnung sind weitere Wohneinheiten derzeit nicht bewohnbar.<\/p>\n\n\n\n<p class=\"wp-block-paragraph\">F\u00fcr die Kostheimer Feuerwehr, die mit 10 Einsatzkr\u00e4ften vor Ort war, war der Einsatz nach knapp zwei Stunden beendet.<\/p>\n\n\n\n<p class=\"wp-block-paragraph\">                    <div class=\"flicgal-gallery-wrapper gallery-6739\">\n                                                    <h3 class=\"flicgal-title\">Wohnungsbrand in Kastel &#8211; 10.02.2023<\/h3>\n                                                <div class=\"flicgal-gallery-container-wrapper\">\n                            <div class=\"flicgal-spinner-wrapper\">\n                                <div class=\"flicgal-loading-img\"><img decoding=\"async\" src=\"https:\/\/www.feuerwehrkostheim.de\/wp-content\/plugins\/flickr-album-gallery\/img\/loading.gif\" \/><\/div>\n                            <\/div>\n                            <div class=\"flicgal-gallery-container\"><\/div>\n                        <\/div>\n                        <!-- Blueimp gallery -->\n                        <div id=\"blueimp-gallery-6739\" class=\"blueimp-gallery blueimp-gallery-controls\">\n                            <div class=\"slides\"><\/div>\n                            <h3 class=\"title\"><\/h3>\n                            <a class=\"prev\">\u2039<\/a>\n                            <a class=\"next\">\u203a<\/a>\n                            <a class=\"close\">\u00d7<\/a>\n                            <a class=\"play-pause\"><\/a>\n                            <ol class=\"indicator\"><\/ol>\n                        <\/div>\n                    <\/div>\n                    \n            <\/p>\n","protected":false},"excerpt":{"rendered":"<p>&#x1f6a8; 11 \/ 2023&#x1f4c5; 10.02.23 &#8211; &#x1f556; 10:40 Uhr&#x1f4cd; Frankfurter Stra\u00dfe &#x1f4df; F 2 Y &#8211; Alarmgruppe mit FF Kastel&#x26a0;&#xfe0f; Feuer Am Freitagvormittag mussten die Freiwilligen Feuerwehren aus Kostheim und Kastel zusammen mit dem L\u00f6schzug der Berufsfeuerwehr zu einem gemeldeten Wohnungsbrand in die Frankfurter Stra\u00dfe ausr\u00fccken. Durch die eingegangenen Notrufe wurde schon bei der Alarmierung [&hellip;]<\/p>\n","protected":false},"author":1,"featured_media":0,"comment_status":"closed","ping_status":"open","sticky":false,"template":"","format":"standard","meta":{"_et_pb_use_builder":"","_et_pb_old_content":"","_et_gb_content_width":"","_crdt_document":"","footnotes":""},"categories":[5],"tags":[110,50,1300,31,287,111,285,198,708],"class_list":["post-6737","post","type-post","status-publish","format-standard","hentry","category-einsatze","tag-alarmgruppe","tag-brand","tag-f2y","tag-feuer","tag-menschenrettung","tag-rauchentwicklung","tag-rettungsdienst","tag-verletzte","tag-wohnungsbrand"],"_links":{"self":[{"href":"https:\/\/www.feuerwehrkostheim.de\/index.php?rest_route=\/wp\/v2\/posts\/6737","targetHints":{"allow":["GET"]}}],"collection":[{"href":"https:\/\/www.feuerwehrkostheim.de\/index.php?rest_route=\/wp\/v2\/posts"}],"about":[{"href":"https:\/\/www.feuerwehrkostheim.de\/index.php?rest_route=\/wp\/v2\/types\/post"}],"author":[{"embeddable":true,"href":"https:\/\/www.feuerwehrkostheim.de\/index.php?rest_route=\/wp\/v2\/users\/1"}],"replies":[{"embeddable":true,"href":"https:\/\/www.feuerwehrkostheim.de\/index.php?rest_route=%2Fwp%2Fv2%2Fcomments&post=6737"}],"version-history":[{"count":7,"href":"https:\/\/www.feuerwehrkostheim.de\/index.php?rest_route=\/wp\/v2\/posts\/6737\/revisions"}],"predecessor-version":[{"id":6760,"href":"https:\/\/www.feuerwehrkostheim.de\/index.php?rest_route=\/wp\/v2\/posts\/6737\/revisions\/6760"}],"wp:attachment":[{"href":"https:\/\/www.feuerwehrkostheim.de\/index.php?rest_route=%2Fwp%2Fv2%2Fmedia&parent=6737"}],"wp:term":[{"taxonomy":"category","embeddable":true,"href":"https:\/\/www.feuerwehrkostheim.de\/index.php?rest_route=%2Fwp%2Fv2%2Fcategories&post=6737"},{"taxonomy":"post_tag","embeddable":true,"href":"https:\/\/www.feuerwehrkostheim.de\/index.php?rest_route=%2Fwp%2Fv2%2Ftags&post=6737"}],"curies":[{"name":"wp","href":"https:\/\/api.w.org\/{rel}","templated":true}]}}