{"id":6717,"date":"2023-02-04T11:11:12","date_gmt":"2023-02-04T10:11:12","guid":{"rendered":"https:\/\/www.feuerwehrkostheim.de\/?p=6717"},"modified":"2023-02-04T11:11:12","modified_gmt":"2023-02-04T10:11:12","slug":"jugendfeuerwehr-sammelte-wieder-weihnachtsbaeume","status":"publish","type":"post","link":"https:\/\/www.feuerwehrkostheim.de\/?p=6717","title":{"rendered":"Jugendfeuerwehr sammelte wieder Weihnachtsb\u00e4ume"},"content":{"rendered":"<p><img decoding=\"async\" class=\"alignright size-large\" style=\"border: 4px solid #D8D8D8;\" src=\"https:\/\/live.staticflickr.com\/65535\/52668267414_d4380159ff_n.jpg\" height=\"240\" \/>Nach zwei Jahren Corona bedingter Pause war es am ersten Samstag im Januar wieder soweit \u2013 die Jugendfeuerwehr Kostheim sammelte mit Unterst\u00fctzung einiger Aktiven und in Zusammenarbeit mit den Entsorgungsbetrieben der Landeshauptstadt Wiesbaden (ELW) die ausgedienten Weihnachtsb\u00e4ume der Kostheimer B\u00fcrger ein.<\/p>\n<p>Gegen 9 Uhr schw\u00e4rmte man vom Ger\u00e4tehaus in die Stra\u00dfen von Kostheim aus, um die herausgestellten Weihnachtsb\u00e4ume mittels LKW einzusammeln und danach in den von der ELW zur Verf\u00fcgung gestellten M\u00fcllwagen einzuladen. Auch die von der Einsatzabteilung im letzten Jahr aufgestellten Weihnachtsb\u00e4ume am Kostheimer B\u00fcrgerhaus und Weinstand wurden gef\u00e4llt und in die Presswagen geladen. Bis zur Mittagszeit waren 2,8 Tonnen eingesammelt und man traf sich zur St\u00e4rkung wieder im Ger\u00e4tehaus, bevor man die restlichen B\u00e4ume einsammelte \u2013 auch das ein oder andere zu sp\u00e4t herausgestellte B\u00e4umchen wurde noch aufgeladen.<\/p>\n<p><img decoding=\"async\" class=\"aligncenter size-large\" style=\"border: 4px solid #D8D8D8;\" src=\"https:\/\/live.staticflickr.com\/65535\/52667978436_803ea9e1d3.jpg\" height=\"375\" \/><\/p>\n<p>Die Jugendfeuerwehr Kostheim bedankt sich, bei den allen Kostheimer B\u00fcrgern, die den Abholdienst in Form einer kleinen Spende honorierten. Ein gro\u00dfes Dankesch\u00f6n geht in diesem Jahr an die Baumschule Heinrich aus Bischofsheim, die erstmalig ihren LKW f\u00fcr die Sammlung zur Verf\u00fcgung gestellt hatte.<\/p>\n<p><!--more--><\/p>\n                    <div class=\"flicgal-gallery-wrapper gallery-6718\">\n                                                    <h3 class=\"flicgal-title\">Weihnachtsbaumsammlung der Jugendfeuerwehr &#8211; 07.01.2023<\/h3>\n                                                <div class=\"flicgal-gallery-container-wrapper\">\n                            <div class=\"flicgal-spinner-wrapper\">\n                                <div class=\"flicgal-loading-img\"><img decoding=\"async\" src=\"https:\/\/www.feuerwehrkostheim.de\/wp-content\/plugins\/flickr-album-gallery\/img\/loading.gif\" \/><\/div>\n                            <\/div>\n                            <div class=\"flicgal-gallery-container\"><\/div>\n                        <\/div>\n                        <!-- Blueimp gallery -->\n                        <div id=\"blueimp-gallery-6718\" class=\"blueimp-gallery blueimp-gallery-controls\">\n                            <div class=\"slides\"><\/div>\n                            <h3 class=\"title\"><\/h3>\n                            <a class=\"prev\"><\/a>\n                            <a class=\"next\"><\/a>\n                            <a class=\"close\"><\/a>\n                            <a class=\"play-pause\"><\/a>\n                            <ol class=\"indicator\"><\/ol>\n                        <\/div>\n                    <\/div>\n                    \n            \n","protected":false},"excerpt":{"rendered":"<p>Nach zwei Jahren Corona bedingter Pause war es am ersten Samstag im Januar wieder soweit \u2013 die Jugendfeuerwehr Kostheim sammelte mit Unterst\u00fctzung einiger Aktiven und in Zusammenarbeit mit den Entsorgungsbetrieben der Landeshauptstadt Wiesbaden (ELW) die ausgedienten Weihnachtsb\u00e4ume der Kostheimer B\u00fcrger ein. Gegen 9 Uhr schw\u00e4rmte man vom Ger\u00e4tehaus in die Stra\u00dfen von Kostheim aus, um [&hellip;]<\/p>\n","protected":false},"author":1,"featured_media":0,"comment_status":"closed","ping_status":"open","sticky":false,"template":"","format":"standard","meta":{"_et_pb_use_builder":"","_et_pb_old_content":"","_et_gb_content_width":"","_crdt_document":"","footnotes":""},"categories":[7],"tags":[855,1569,564,276,52],"class_list":["post-6717","post","type-post","status-publish","format-standard","hentry","category-jugendfeuerwehr","tag-elw","tag-ortsgebiet","tag-service","tag-weihnachtsbaum","tag-weihnachtsbaumsammlung"],"_links":{"self":[{"href":"https:\/\/www.feuerwehrkostheim.de\/index.php?rest_route=\/wp\/v2\/posts\/6717","targetHints":{"allow":["GET"]}}],"collection":[{"href":"https:\/\/www.feuerwehrkostheim.de\/index.php?rest_route=\/wp\/v2\/posts"}],"about":[{"href":"https:\/\/www.feuerwehrkostheim.de\/index.php?rest_route=\/wp\/v2\/types\/post"}],"author":[{"embeddable":true,"href":"https:\/\/www.feuerwehrkostheim.de\/index.php?rest_route=\/wp\/v2\/users\/1"}],"replies":[{"embeddable":true,"href":"https:\/\/www.feuerwehrkostheim.de\/index.php?rest_route=%2Fwp%2Fv2%2Fcomments&post=6717"}],"version-history":[{"count":2,"href":"https:\/\/www.feuerwehrkostheim.de\/index.php?rest_route=\/wp\/v2\/posts\/6717\/revisions"}],"predecessor-version":[{"id":6720,"href":"https:\/\/www.feuerwehrkostheim.de\/index.php?rest_route=\/wp\/v2\/posts\/6717\/revisions\/6720"}],"wp:attachment":[{"href":"https:\/\/www.feuerwehrkostheim.de\/index.php?rest_route=%2Fwp%2Fv2%2Fmedia&parent=6717"}],"wp:term":[{"taxonomy":"category","embeddable":true,"href":"https:\/\/www.feuerwehrkostheim.de\/index.php?rest_route=%2Fwp%2Fv2%2Fcategories&post=6717"},{"taxonomy":"post_tag","embeddable":true,"href":"https:\/\/www.feuerwehrkostheim.de\/index.php?rest_route=%2Fwp%2Fv2%2Ftags&post=6717"}],"curies":[{"name":"wp","href":"https:\/\/api.w.org\/{rel}","templated":true}]}}