{"id":6702,"date":"2023-01-02T10:21:30","date_gmt":"2023-01-02T09:21:30","guid":{"rendered":"https:\/\/www.feuerwehrkostheim.de\/?p=6702"},"modified":"2023-01-02T12:22:46","modified_gmt":"2023-01-02T11:22:46","slug":"verdacht-auf-kellerbrand","status":"publish","type":"post","link":"https:\/\/www.feuerwehrkostheim.de\/?p=6702","title":{"rendered":"Verdacht auf Kellerbrand"},"content":{"rendered":"<p><img loading=\"lazy\" decoding=\"async\" class=\"alignleft\" title=\"Einsatz-Logo\" src=\"https:\/\/www.feuerwehrkostheim.de\/wp-content\/bilder\/sonstige\/logo_einsatz.jpg\" alt=\"Einsatz-Logo\" width=\"100\" height=\"100\" \/><strong>02. Januar 2023 &#8211; 06:29 Uhr<\/strong><br \/>\n<strong>Jakob-Schick-Stra\u00dfe<\/strong><br \/>\nF 2 Y \/ Alarmgruppe mit FF-Kastel<br \/>\nEinsatz 05 &#8211; 2023<\/p>\n<p>Auch am zweiten Tag des neuen Jahres wurde die Einsatzabteilung der Kostheimer Feuerwehr \u00fcber ihre digitalen Pager zu einem weiteren Einsatz alarmiert. Die 18 Einsatzkr\u00e4fte r\u00fcckten mit beiden L\u00f6schfahrzeugen und dem L\u00f6schzug der Feuerwache 2 in die Kasteler Jakob-Schick-Stra\u00dfe aus. Dort bestand der Verdacht auf einen Kellerbrand, bei dem auch noch Personen sich in Gefahr befinden sollten. Vor Ort angekommen relativierte sich die Lage zum Gl\u00fcck relativ schnell. Zwar war eine starke Verrauchung im Keller eines Wohn- und Gesch\u00e4ftskomplexes stark verraucht, jedoch befanden sich keine Personen mehr im Geb\u00e4ude. Ein Trupp ging unter Atemschutz und einem Strahlrohr in den Keller zu Erkundung vor, konnte aber kein Feuer feststellen. Der Grund f\u00fcr die massive Rauchentwicklung war ein technischer Defekt der \u00d6l-Heizung, welche unverz\u00fcglich au\u00dfer Betrieb genommen wurde.<\/p>\n<p>Nach den umfangreichen Bel\u00fcftungsma\u00dfnahmen konnte der Feuerwehreinsatz nach etwa einer Stunde beendet werden.<\/p>\n","protected":false},"excerpt":{"rendered":"<p>02. Januar 2023 &#8211; 06:29 Uhr Jakob-Schick-Stra\u00dfe F 2 Y \/ Alarmgruppe mit FF-Kastel Einsatz 05 &#8211; 2023 Auch am zweiten Tag des neuen Jahres wurde die Einsatzabteilung der Kostheimer Feuerwehr \u00fcber ihre digitalen Pager zu einem weiteren Einsatz alarmiert. Die 18 Einsatzkr\u00e4fte r\u00fcckten mit beiden L\u00f6schfahrzeugen und dem L\u00f6schzug der Feuerwache 2 in die [&hellip;]<\/p>\n","protected":false},"author":1,"featured_media":0,"comment_status":"closed","ping_status":"open","sticky":false,"template":"","format":"standard","meta":{"_et_pb_use_builder":"","_et_pb_old_content":"","_et_gb_content_width":"","_crdt_document":"","footnotes":""},"categories":[5],"tags":[110,112,1172,1300,288,111,1396],"class_list":["post-6702","post","type-post","status-publish","format-standard","hentry","category-einsatze","tag-alarmgruppe","tag-brandverdacht","tag-defekt","tag-f2y","tag-heizung","tag-rauchentwicklung","tag-technischer"],"_links":{"self":[{"href":"https:\/\/www.feuerwehrkostheim.de\/index.php?rest_route=\/wp\/v2\/posts\/6702","targetHints":{"allow":["GET"]}}],"collection":[{"href":"https:\/\/www.feuerwehrkostheim.de\/index.php?rest_route=\/wp\/v2\/posts"}],"about":[{"href":"https:\/\/www.feuerwehrkostheim.de\/index.php?rest_route=\/wp\/v2\/types\/post"}],"author":[{"embeddable":true,"href":"https:\/\/www.feuerwehrkostheim.de\/index.php?rest_route=\/wp\/v2\/users\/1"}],"replies":[{"embeddable":true,"href":"https:\/\/www.feuerwehrkostheim.de\/index.php?rest_route=%2Fwp%2Fv2%2Fcomments&post=6702"}],"version-history":[{"count":2,"href":"https:\/\/www.feuerwehrkostheim.de\/index.php?rest_route=\/wp\/v2\/posts\/6702\/revisions"}],"predecessor-version":[{"id":6704,"href":"https:\/\/www.feuerwehrkostheim.de\/index.php?rest_route=\/wp\/v2\/posts\/6702\/revisions\/6704"}],"wp:attachment":[{"href":"https:\/\/www.feuerwehrkostheim.de\/index.php?rest_route=%2Fwp%2Fv2%2Fmedia&parent=6702"}],"wp:term":[{"taxonomy":"category","embeddable":true,"href":"https:\/\/www.feuerwehrkostheim.de\/index.php?rest_route=%2Fwp%2Fv2%2Fcategories&post=6702"},{"taxonomy":"post_tag","embeddable":true,"href":"https:\/\/www.feuerwehrkostheim.de\/index.php?rest_route=%2Fwp%2Fv2%2Ftags&post=6702"}],"curies":[{"name":"wp","href":"https:\/\/api.w.org\/{rel}","templated":true}]}}