{"id":6690,"date":"2023-01-01T13:32:40","date_gmt":"2023-01-01T12:32:40","guid":{"rendered":"https:\/\/www.feuerwehrkostheim.de\/?p=6690"},"modified":"2023-01-01T15:10:50","modified_gmt":"2023-01-01T14:10:50","slug":"balkonbrand-am-silvesterabend-im-roemerfeld","status":"publish","type":"post","link":"https:\/\/www.feuerwehrkostheim.de\/?p=6690","title":{"rendered":"Balkonbrand am Silvesterabend im R\u00f6merfeld"},"content":{"rendered":"<p><img loading=\"lazy\" decoding=\"async\" class=\"alignleft\" title=\"Einsatz-Logo\" src=\"https:\/\/www.feuerwehrkostheim.de\/wp-content\/bilder\/sonstige\/logo_einsatz.jpg\" alt=\"Einsatz-Logo\" width=\"100\" height=\"100\" \/><strong>31. Dezember 2022 &#8211; 17:51 Uhr<\/strong><br \/>\n<strong>R\u00f6merfeld<\/strong><br \/>\nF 2 Y<br \/>\nEinsatz 95 &#8211; 2022<\/p>\n<p><img decoding=\"async\" class=\"alignright size-large\" style=\"border: 4px solid #D8D8D8;\" src=\"https:\/\/live.staticflickr.com\/65535\/52600239223_334d5bc2e3_n.jpg\" height=\"240\" \/>Das Jahr 2022 hatte nur noch sechs Stunden, als die Kostheimer Feuerwehr zusammen mit den Kameraden der Berufsfeuerwehr einen gr\u00f6\u00dferen Balkonbrand zu bew\u00e4ltigen hatte. Kurz vor 18 Uhr schlug nach sp\u00e4teren Angaben der Polizei eine Silvesterrakete auf dem Balkon im ersten Obergeschoss eines Mehrfamilienhauses im R\u00f6merfeld ein. Sofort entstand ein Brand, der von den anwesenden Mietern nicht gel\u00f6scht werden konnte. Beim Eintreffen der Feuerwehrkr\u00e4fte stand der Balkon bereits in Vollbrand und das Feuer drohte bereits auf die angrenzende Wohnung \u00fcberzugreifen. Dichter Rauch drang durch die Wohnung auch in das Treppenhaus. W\u00e4hrend ein Teil der Bewohner bereits das Haus verlassen hatten, verblieben der andere Teil in ihren nicht bedrohten Wohnungen und wurden aufgefordert alle Fenster und T\u00fcren verschlossen zu halten.<\/p>\n<p><!--more--><\/p>\n<p><img decoding=\"async\" class=\"alignleft size-large\" style=\"border: 4px solid #D8D8D8;\" src=\"https:\/\/live.staticflickr.com\/65535\/52600144895_fd2d2bd38f_n.jpg\" height=\"240\" \/>Von der Kostheimer Wehr, die sich in der Uthmannstra\u00dfe aufgestellt hatte, wurde umgehend der \u00e4u\u00dfere L\u00f6schangriff aufgebaut. Ein Trupp unter Atemschutz schlug zuerst mit einem Strahlrohr die Flammen auf dem Balkon nieder, bevor er \u00fcber eine in Stellung gebrachte Steckleiter auf den Balkon und auch die Wohnung vorgehen konnte. Parallel zu den Arbeiten auf der Geb\u00e4uder\u00fcckseite, \u00fcbernahmen die hauptamtlichen Kameraden den Zugang \u00fcber das Treppenhaus. Auch hier ging ein Trupp unter Atemschutz mit einem weiteren Strahlrohr ins Geb\u00e4ude, um Personen aus dem Geb\u00e4ude zu retten, den Treppenraum nach weiteren Personen zu kontrollieren und Abluft\u00f6ffnungen zu schaffen.<\/p>\n<p>Nachdem das Feuer gel\u00f6scht war, ging man \u00fcber, alle Wohnungen des Mehrfamilienhauses zu kontrollieren. Die aus dem Geb\u00e4ude geretteten Personen wurden durch den ebenfalls zahlreich an der Einsatzstelle vertretenden Rettungsdienst vor Ort gesichtet. Eine leicht verletzte und eine mittelschwer verletzte Person wurden in Kliniken transportiert.<\/p>\n<p>Nach etwa zwei Stunden konnte der Einsatz beendet werden. Die an den vom Brand beaufschlagten Balkon angrenzende Wohnung ist derzeit nicht mehr bewohnbar. Die zerborstenen Scheiben konnten durch das nachgeforderte Kleinalarmfahrzeug mit Holzplatten verschlossen werden.<\/p>\n<p><img decoding=\"async\" class=\"aligncenter size-large\" style=\"border: 4px solid #D8D8D8;\" src=\"https:\/\/live.staticflickr.com\/65535\/52599722356_0ac2438a56.jpg\" height=\"375\" \/><\/p>\n<p>Die Uthmannstra\u00dfe war w\u00e4hrend des Einsatzes in H\u00f6he der Bushaltestelle voll gesperrt. Seitens der Kostheimer Wehr waren 21 Einsatzkr\u00e4ften und allen drei Fahrzeugen vor Ort.<\/p>\n<p>&nbsp;<\/p>\n                    <style>\n                                            .flickr-img-responsive {\n                            width:100% !important;\n                            height:auto !important;\n                            display:block !important;\n                        }\n                        .LoadingImg img {\n                            max-width: 45px;\n                            max-height: 45px;\n                            box-shadow: none;\n                        }\n                        .wpfrank-flickr-div{\n                            padding:15px;\n                        }\n                        @media (max-width: 786px){\n                            .col-md-3 {\n                                width:49.9%;\n                                float:left;\n                            }\n                        }\n                        .play-pause {\n                            display: none !important;\n                        }\n                        .gallery6691 {\n                            overflow:hidden;\n                            clear: both;\n                        }\n                        .fnf{\n                            background-color: #a92929;\n                            border-radius: 5px;\n                            color: #fff;\n                            font-family: initial;\n                            text-align: center;\n                            padding:12px;\n                        }\n                    <\/style>\n                    <script type=\"text\/javascript\">\n                    jQuery(function() {\n                        jQuery('.gallery-6691').flickr({\n                            apiKey: '037c012784565c3b5691cc5a0aa912b7',\n                            photosetId: '72177720304887752'\n                        });\n                    });\n\n                    ;(function ($, window, document, undefined) {\n                        'use strict';\n                        var pluginName = \"flickr\",\n                            defaults = {\n                                apiKey: \"\",\n                                photosetId: \"\",\n                                errorText: \"<div class='fnf'><i class='far fa-times-circle'><\/i> Error generating gallery.<\/div>\",\n                                loadingSpeed: 38,\n                                photosLimit: 200\n                            },\n                            apiUrl = 'https:\/\/api.flickr.com\/services\/rest\/',\n                            photos = [];\n\n                        function Plugin(element, options) {\n                            this.element = $(element);\n                            this.settings = $.extend({}, defaults, options);\n                            this._defaults = defaults;\n                            this._name = pluginName;\n\n                            this._hideSpinner = function() {\n                                this.element.find('.spinner-wrapper').hide().find('*').hide();\n                            };\n\n                            this._printError = function() {\n                                this.element.find('.gallery-container').append($(\"<div><\/div>\", { \"class\": \"col-lg-12\" })\n                                    .append($(\"<div><\/div>\", { \"class\": \"error-wrapper\" })\n                                        .append($(\"<span><\/span>\", { \"class\": \"label label-danger error\" })\n                                            .html(this.settings.errorText))));\n                            };\n\n                            this._flickrAnimate = function() {\n                                this.element.find('.gallery-container img').each($.proxy(function(index, el) {\n                                    var image = el;\n                                    setTimeout(function() {\n                                        $(image).parent().fadeIn();\n                                    }, this.settings.loadingSpeed * index);\n                                }, this));\n                            };\n\n                            this._printGallery = function(photos) {\n                                var element = this.element.find('.gallery-container');\n                                if (!photos || photos.length === 0) {\n                                    this._hideSpinner();\n                                    this._printError();\n                                    return;\n                                }\n                                $.each(photos, function(key, photo) {\n                                    if (!photo || !photo.thumbnail) return; \/\/ Skip undefined or invalid photos\n                                    var img = $('<img>', { 'class': 'thumb img-thumbnail flickr-img-responsive', src: photo.thumbnail, 'alt': photo.title });\n                                    element.append($('<div><\/div>', { 'class': ' col-md-3 col-sm-4 col-center wpfrank-flickr-div' })\n                                        .append($('<a><\/a>', { 'class': '', href: photo.href, 'data-gallery': '', 'title': photo.title }).hide()\n                                            .append(img)));\n                                });\n\n                                element.imagesLoaded()\n                                    .done($.proxy(this._flickrAnimate, this))\n                                    .always($.proxy(this._hideSpinner, this));\n                            };\n\n                            this._flickrPhotoset = function(photoset) {\n                                var _this = this;\n                                photos[photoset.id] = [];\n                                $.each(photoset.photo, function(key, photo) {\n                                    if (photo.media !== \"photo\") {\n                                        return true; \/\/ Skip videos\n                                    }\n                                    if (key >= _this.settings.photosLimit) {\n                                        return false;\n                                    }\n                                    photos[photoset.id][key] = {\n                                        thumbnail: 'https:\/\/farm' + photo.farm + '.static.flickr.com\/' + photo.server + '\/' + photo.id + '_' + photo.secret + '_q.jpg',\n                                        href: 'https:\/\/farm' + photo.farm + '.static.flickr.com\/' + photo.server + '\/' + photo.id + '_' + photo.secret + '_b.jpg',\n                                        title: photo.title\n                                    };\n                                });\n\n                                console.log('Filtered photos:', photos[photoset.id]); \/\/ Debug log\n                                if (photos[photoset.id].length > 0) {\n                                    this._printGallery(photos[photoset.id]);\n                                } else {\n                                    this._hideSpinner();\n                                    this._printError();\n                                }\n                            };\n\n                            this._onFlickrResponse = function(response) {\n                                console.log('API Response:', response); \/\/ Debug log\n                                if (response.stat === \"ok\") {\n                                    this._flickrPhotoset(response.photoset);\n                                } else {\n                                    this._hideSpinner();\n                                    this._printError();\n                                }\n                            };\n\n                            this._flickrRequest = function(method, data) {\n                                var url = apiUrl + \"?format=json&jsoncallback=?&method=\" + method + \"&api_key=\" + this.settings.apiKey;\n                                $.each(data, function(key, value) {\n                                    url += \"&\" + key + \"=\" + value;\n                                });\n\n                                $.ajax({\n                                    dataType: \"json\",\n                                    url: url,\n                                    context: this,\n                                    success: this._onFlickrResponse\n                                });\n                            };\n\n                            this._flickrInit = function () {\n                                this._flickrRequest('flickr.photosets.getPhotos', {\n                                    photoset_id: this.settings.photosetId,\n                                    extras: 'media'\n                                });\n                            };\n\n                            this.init();\n                        }\n\n                        Plugin.prototype = {\n                            init: function () {\n                                this._flickrInit();\n                            }\n                        };\n\n                        $.fn[pluginName] = function (options) {\n                            this.each(function () {\n                                if (!$.data(this, \"plugin_\" + pluginName)) {\n                                    $.data(this, \"plugin_\" + pluginName, new Plugin(this, options));\n                                }\n                            });\n                            return this;\n                        };\n                    })(jQuery, window, document);\n                    <\/script>\n                    <div class=\"gallery-6691\">\n                                                    <h3>Balkonbrand Silvesternacht<\/h3>\n                                                <div class=\"row\">\n                            <div class=\"col-xs-12 spinner-wrapper\">\n                                <div class=\"LoadingImg\"><img decoding=\"async\" src=\"https:\/\/www.feuerwehrkostheim.de\/wp-content\/plugins\/flickr-album-gallery\/img\/loading.gif\" \/><\/div>\n                            <\/div>\n                            <div align=\"center\" class=\"gallery-container\"><\/div>\n                        <\/div>\n                    <\/div>\n                    \n            <!-- Blueimp gallery -->\n            <div id=\"blueimp-gallery-6691\" class=\"blueimp-gallery blueimp-gallery-controls\">\n                <div class=\"slides\"><\/div>\n                <h3 class=\"title\"><\/h3>\n                <a class=\"prev\">\u2039<\/a>\n                <a class=\"next\">\u203a<\/a>\n                <a class=\"close\">\u00d7<\/a>\n                <a class=\"play-pause\"><\/a>\n                <ol class=\"indicator\"><\/ol>\n                <div class=\"modal fade\">\n                    <div class=\"modal-dialog\">\n                        <div class=\"modal-content\">\n                            <div class=\"modal-header\">\n                                <button type=\"button\" class=\"close\" aria-hidden=\"true\">\u00d7<\/button>\n                                <h4 class=\"modal-title\"><\/h4>\n                            <\/div>\n                            <div class=\"modal-body next\"><\/div>\n                            <div class=\"modal-footer\">\n                                <button type=\"button\" class=\"btn btn-default pull-left prev\">\n                                    <i class=\"glyphicon glyphicon-chevron-left\"><\/i>\n                                    Previous                                <\/button>\n                                <button type=\"button\" class=\"btn btn-primary next\">\n                                    Next                                    <i class=\"glyphicon glyphicon-chevron-right\"><\/i>\n                                <\/button>\n                            <\/div>\n                        <\/div>\n                    <\/div>\n                <\/div>\n            <\/div>\n\n            <script type=\"text\/javascript\">\n            jQuery(function() {\n                jQuery.extend(blueimp.Gallery.prototype.options, {\n                    useBootstrapModal: false,\n                    hidePageScrollbars: false,\n                    container: \"#blueimp-gallery-6691\",\n                });\n            });\n            <\/script>\n\n            \n","protected":false},"excerpt":{"rendered":"<p>31. Dezember 2022 &#8211; 17:51 Uhr R\u00f6merfeld F 2 Y Einsatz 95 &#8211; 2022 Das Jahr 2022 hatte nur noch sechs Stunden, als die Kostheimer Feuerwehr zusammen mit den Kameraden der Berufsfeuerwehr einen gr\u00f6\u00dferen Balkonbrand zu bew\u00e4ltigen hatte. Kurz vor 18 Uhr schlug nach sp\u00e4teren Angaben der Polizei eine Silvesterrakete auf dem Balkon im ersten [&hellip;]<\/p>\n","protected":false},"author":1,"featured_media":0,"comment_status":"closed","ping_status":"open","sticky":false,"template":"","format":"standard","meta":{"_et_pb_use_builder":"","_et_pb_old_content":"","_et_gb_content_width":"","_crdt_document":"","footnotes":""},"categories":[5],"tags":[184,50,1300,31,219,1296,111,285,1566,708],"class_list":["post-6690","post","type-post","status-publish","format-standard","hentry","category-einsatze","tag-balkon","tag-brand","tag-f2y","tag-feuer","tag-mehrfamilienhaus","tag-rakete","tag-rauchentwicklung","tag-rettungsdienst","tag-silvesterrakete","tag-wohnungsbrand"],"_links":{"self":[{"href":"https:\/\/www.feuerwehrkostheim.de\/index.php?rest_route=\/wp\/v2\/posts\/6690","targetHints":{"allow":["GET"]}}],"collection":[{"href":"https:\/\/www.feuerwehrkostheim.de\/index.php?rest_route=\/wp\/v2\/posts"}],"about":[{"href":"https:\/\/www.feuerwehrkostheim.de\/index.php?rest_route=\/wp\/v2\/types\/post"}],"author":[{"embeddable":true,"href":"https:\/\/www.feuerwehrkostheim.de\/index.php?rest_route=\/wp\/v2\/users\/1"}],"replies":[{"embeddable":true,"href":"https:\/\/www.feuerwehrkostheim.de\/index.php?rest_route=%2Fwp%2Fv2%2Fcomments&post=6690"}],"version-history":[{"count":5,"href":"https:\/\/www.feuerwehrkostheim.de\/index.php?rest_route=\/wp\/v2\/posts\/6690\/revisions"}],"predecessor-version":[{"id":6699,"href":"https:\/\/www.feuerwehrkostheim.de\/index.php?rest_route=\/wp\/v2\/posts\/6690\/revisions\/6699"}],"wp:attachment":[{"href":"https:\/\/www.feuerwehrkostheim.de\/index.php?rest_route=%2Fwp%2Fv2%2Fmedia&parent=6690"}],"wp:term":[{"taxonomy":"category","embeddable":true,"href":"https:\/\/www.feuerwehrkostheim.de\/index.php?rest_route=%2Fwp%2Fv2%2Fcategories&post=6690"},{"taxonomy":"post_tag","embeddable":true,"href":"https:\/\/www.feuerwehrkostheim.de\/index.php?rest_route=%2Fwp%2Fv2%2Ftags&post=6690"}],"curies":[{"name":"wp","href":"https:\/\/api.w.org\/{rel}","templated":true}]}}