{"id":6672,"date":"2022-12-30T18:02:57","date_gmt":"2022-12-30T16:02:57","guid":{"rendered":"https:\/\/www.feuerwehrkostheim.de\/?p=6672"},"modified":"2022-12-30T18:02:57","modified_gmt":"2022-12-30T16:02:57","slug":"das-jahr-2022-zusammengefasst-langweilig-war-es-nicht","status":"publish","type":"post","link":"https:\/\/www.feuerwehrkostheim.de\/?p=6672","title":{"rendered":"Das Jahr 2022 zusammengefasst &#8211; langweilig war es nicht!"},"content":{"rendered":"<p><a href=\"https:\/\/www.feuerwehrkostheim.de\/wp-content\/uploads\/2022\/12\/Collage2022-FF-scaled.jpg\" target=\"_blank\" rel=\"noopener\"><img loading=\"lazy\" decoding=\"async\" class=\"alignright size-medium wp-image-6683\" style=\"border: 4px solid #D8D8D8;\" src=\"https:\/\/www.feuerwehrkostheim.de\/wp-content\/uploads\/2022\/12\/Collage2022-FF-300x300.jpg\" width=\"300\" height=\"300\" srcset=\"https:\/\/www.feuerwehrkostheim.de\/wp-content\/uploads\/2022\/12\/Collage2022-FF-300x300.jpg 300w, https:\/\/www.feuerwehrkostheim.de\/wp-content\/uploads\/2022\/12\/Collage2022-FF-1024x1024.jpg 1024w, https:\/\/www.feuerwehrkostheim.de\/wp-content\/uploads\/2022\/12\/Collage2022-FF-150x150.jpg 150w, https:\/\/www.feuerwehrkostheim.de\/wp-content\/uploads\/2022\/12\/Collage2022-FF-768x768.jpg 768w, https:\/\/www.feuerwehrkostheim.de\/wp-content\/uploads\/2022\/12\/Collage2022-FF-1536x1536.jpg 1536w, https:\/\/www.feuerwehrkostheim.de\/wp-content\/uploads\/2022\/12\/Collage2022-FF-2048x2048.jpg 2048w\" sizes=\"(max-width: 300px) 100vw, 300px\" \/><\/a>Nach fast zwei Jahren der Einschr\u00e4nkungen, aufgrund der Corona Pandemie, startete die Kostheimer Feuerwehr mit der gro\u00dfen Hoffnung auf mehr Normalit\u00e4t in das Jahr 2022. Auch wenn die Silvesternacht im zweiten Jahr in Folge ruhig und ohne Eins\u00e4tze verlief, dauerte es doch nur wenige Stunden im neuen Jahr bis die Pager der Kostheimer Kameraden zum ersten Mal in 2022 ausgel\u00f6st werden mussten. Ein Alleinunfall auf der BAB 671 sorgte am Neujahrstag gegen 14 Uhr f\u00fcr den ersten Einsatz im neuen Jahr.<\/p>\n<p><!--more--><\/p>\n<p><a href=\"https:\/\/www.feuerwehrkostheim.de\/?page_id=6256\" target=\"_blank\" rel=\"noopener\"><img loading=\"lazy\" decoding=\"async\" class=\"wp-image-6244 alignleft\" src=\"https:\/\/www.feuerwehrkostheim.de\/wp-content\/uploads\/2022\/01\/Spendenuebersicht.jpg\" alt=\"\" width=\"192\" height=\"192\" srcset=\"https:\/\/www.feuerwehrkostheim.de\/wp-content\/uploads\/2022\/01\/Spendenuebersicht.jpg 580w, https:\/\/www.feuerwehrkostheim.de\/wp-content\/uploads\/2022\/01\/Spendenuebersicht-300x300.jpg 300w, https:\/\/www.feuerwehrkostheim.de\/wp-content\/uploads\/2022\/01\/Spendenuebersicht-150x150.jpg 150w\" sizes=\"(max-width: 192px) 100vw, 192px\" \/><\/a>Da Corona zu Beginn des Jahres mit einer hohen Infektionswelle einherging, konnte auch in diesem Jahr die Weihnachtsbaumsammlung unserer Jugendfeuerwehr nicht stattfinden. Durch den an uns herangetragenen Wunsch der Kostheimer B\u00fcrger, dennoch die Nachwuchsabteilungen oder die Feuerwehr im Allgemeinen finanziell zu unterst\u00fctzen, hatten sich die Verantwortlichen Gedanken gemacht, einfache Wege der Zuwendungsm\u00f6glichkeit zu schaffen. Neben einem PayPal-Spendenkonto gibt es nun auch die Option die Kostheimer Feuerwehr bei fast jeder Bestellung beim gro\u00dfen Versandh\u00e4ndler Amazon direkt zu unterst\u00fctzen.<\/p>\n<p><a href=\"https:\/\/www.feuerwehrkostheim.de\/wp-content\/uploads\/2022\/01\/2022-01-28-VU-1.jpg\"><img loading=\"lazy\" decoding=\"async\" class=\"alignright size-medium wp-image-6296\" style=\"border: 4px solid #D8D8D8;\" src=\"https:\/\/www.feuerwehrkostheim.de\/wp-content\/uploads\/2022\/01\/2022-01-28-VU-1-300x225.jpg\" width=\"300\" height=\"225\" srcset=\"https:\/\/www.feuerwehrkostheim.de\/wp-content\/uploads\/2022\/01\/2022-01-28-VU-1-300x225.jpg 300w, https:\/\/www.feuerwehrkostheim.de\/wp-content\/uploads\/2022\/01\/2022-01-28-VU-1-1024x768.jpg 1024w, https:\/\/www.feuerwehrkostheim.de\/wp-content\/uploads\/2022\/01\/2022-01-28-VU-1-768x576.jpg 768w, https:\/\/www.feuerwehrkostheim.de\/wp-content\/uploads\/2022\/01\/2022-01-28-VU-1-610x458.jpg 610w, https:\/\/www.feuerwehrkostheim.de\/wp-content\/uploads\/2022\/01\/2022-01-28-VU-1-400x300.jpg 400w, https:\/\/www.feuerwehrkostheim.de\/wp-content\/uploads\/2022\/01\/2022-01-28-VU-1.jpg 1500w\" sizes=\"(max-width: 300px) 100vw, 300px\" \/><\/a> Der Januar endete einsatztechnisch, wie er begonnen hatte: mit einem Verkehrsunfall. Im Gegensatz zu dem Alleinunfall am Neujahrstag waren bei diesem Unfall auf der Kostheimer Landstra\u00dfe jedoch insgesamt drei Schwerverletzte zu beklagen.<\/p>\n<p>Im Februar begann dann eine Serie von Wasserrettungseins\u00e4tzen. Hierbei waren die unterschiedlichsten Schwerpunkte, von Personen im Wasser, Sicherung von losgerissenen Sportbooten aufgrund eines Sturmes bis hin zu einem folgenschweren Brand einer Motoryacht, als Einsatzgr\u00fcnde vertreten.<\/p>\n<p>Ebenfalls im Februar musste eine von vielen Wachbesetzungen in diesem Jahr absolviert werden. Die Wachbestzungen, die teils bis zu sieben Stunden andauernten, fanden stets am eigenen Standort statt und erfolgten, weil die f\u00fcr den S\u00fcdwesten Wiesbadens zust\u00e4ndige Feuerwache 2 wegen anderen gr\u00f6\u00dferen Eins\u00e4tzen personell verwaist war.<\/p>\n<p><a href=\"https:\/\/www.feuerwehrkostheim.de\/?p=6363\" target=\"_blank\" rel=\"noopener\"><img loading=\"lazy\" decoding=\"async\" class=\"alignleft size-large\" style=\"border: 4px solid #D8D8D8;\" src=\"https:\/\/live.staticflickr.com\/65535\/51994773180_100a589d65_n.jpg\" width=\"240\" height=\"320\" \/><\/a>Den ersten etwas gr\u00f6\u00dferen Brand mussten die Kostheimer Wehrleute im April l\u00f6schen. Am Abend des 09. April stand im Mittleren Sampelweg ein Gartenhaus in Vollbrand und sorgte f\u00fcr einen stundenlangen Einsatz.<\/p>\n<p>Im April startete die Wehr, auch \u00e4u\u00dferst kurzfristig, die Planungen f\u00fcr den schon zwei Mal verschobenen Tag der offenen T\u00fcr. Mit Hochdruck wurden die Genehmigungen eingeholt, Essen sowie Getr\u00e4nke und Schankwagen bestellt und der Tag vorgeplant. Am 26. Mai fand bei bestem Vatertagswetter erstmals nach der Corona-Pause wieder der Tag der offenen T\u00fcr rund um das Feuerwehrger\u00e4tehaus statt. Die Strapazen der kurzen Vorbereitung hatten sich aber gelohnt. Die G\u00e4ste str\u00f6mten aus Nah und Fern zur Feuerwehr und verbrachten einen wundervollen Tag \u2013 einer der ersten \u00fcberhaupt nach Corona \u2013 in Gesellschaft.<\/p>\n<p><a href=\"https:\/\/www.feuerwehrkostheim.de\/?p=6424\" target=\"_blank\" rel=\"noopener\"><img loading=\"lazy\" decoding=\"async\" class=\"aligncenter size-large\" style=\"border: 4px solid #D8D8D8;\" src=\"https:\/\/live.staticflickr.com\/65535\/52105188474_b7b1334c29.jpg\" width=\"500\" height=\"281\" \/><\/a><\/p>\n<p>Doch mit dem Abschluss des Tags der offenen T\u00fcr begann f\u00fcr die Kostheimer Kameradinnen und Kameraden eine wahrhaft hei\u00dfe Zeit. Neben den stetig weiter steigenden Temperaturen im Sommer, standen nicht nur schwei\u00dftreibende Eins\u00e4tze auf dem Programm, sondern noch eine Vielzahl von Veranstaltungen, \u00dcbungen und Sonderdiensten.<\/p>\n<p><a href=\"https:\/\/www.feuerwehrkostheim.de\/?p=6450\" target=\"_blank\" rel=\"noopener\"><img loading=\"lazy\" decoding=\"async\" class=\"alignright size-medium wp-image-6449\" style=\"border: 4px solid #D8D8D8;\" src=\"https:\/\/www.feuerwehrkostheim.de\/wp-content\/uploads\/2022\/06\/2022-06-10-Theatrium-1-300x225.jpg\" alt=\"\" width=\"300\" height=\"225\" srcset=\"https:\/\/www.feuerwehrkostheim.de\/wp-content\/uploads\/2022\/06\/2022-06-10-Theatrium-1-300x225.jpg 300w, https:\/\/www.feuerwehrkostheim.de\/wp-content\/uploads\/2022\/06\/2022-06-10-Theatrium-1-1024x768.jpg 1024w, https:\/\/www.feuerwehrkostheim.de\/wp-content\/uploads\/2022\/06\/2022-06-10-Theatrium-1-768x576.jpg 768w, https:\/\/www.feuerwehrkostheim.de\/wp-content\/uploads\/2022\/06\/2022-06-10-Theatrium-1-1536x1152.jpg 1536w, https:\/\/www.feuerwehrkostheim.de\/wp-content\/uploads\/2022\/06\/2022-06-10-Theatrium-1-610x458.jpg 610w, https:\/\/www.feuerwehrkostheim.de\/wp-content\/uploads\/2022\/06\/2022-06-10-Theatrium-1.jpg 2016w\" sizes=\"(max-width: 300px) 100vw, 300px\" \/><\/a>Der Juni startete mit einem Brandsicherheitsdienst im Rahmen des Wilhelmstra\u00dfenfestes, bei dem eine Staffel aus Kostheim einen Abenddienst \u00fcbernahm. An dessen Ende ereignete sich, ohne Zeit zum Durchatmen, noch ein Kellerbrand in der Steinern Stra\u00dfe, bei dem das L\u00f6schfahrzeug direkt aus Wiesbaden die Einsatzstelle in Kostheim ansteuerte.<\/p>\n<p>Dass die Wehr sich mit hei\u00dfen Dingen gut auskennt, stellte sie auch beim Tag der offenen T\u00fcr des Polizeipr\u00e4sidiums Westhessen unter Beweis. <a href=\"https:\/\/www.feuerwehrkostheim.de\/?p=6460\" target=\"_blank\" rel=\"noopener\"><img loading=\"lazy\" decoding=\"async\" class=\"alignleft size-medium\" style=\"border: 4px solid #D8D8D8;\" src=\"https:\/\/live.staticflickr.com\/65535\/52143438620_0dc6a51613_n.jpg\" width=\"320\" height=\"240\" \/><\/a><\/p>\n<p>Wie schon in 2018 waren die Grillk\u00fcnste der Wehr gefragt und so wurden an einem hei\u00dfen Sommertag in wenigen Stunden knapp 1500 W\u00fcrste \u00fcber den Grillrost bef\u00f6rdert. Polizeipr\u00e4sident M\u00fcller lobte erneut die gute Qualit\u00e4t der W\u00fcrste und den reibungslosen Ablauf, ohne dass gr\u00f6\u00dfere Schlangen entstanden waren.<\/p>\n<p><a href=\"https:\/\/www.feuerwehrkostheim.de\/?p=6477\" target=\"_blank\" rel=\"noopener\"><img loading=\"lazy\" decoding=\"async\" class=\"alignright size-medium wp-image-6476\" style=\"border: 4px solid #D8D8D8;\" src=\"https:\/\/www.feuerwehrkostheim.de\/wp-content\/uploads\/2022\/06\/2022-06-21_Balkonbrand-225x300.jpg\" alt=\"\" width=\"225\" height=\"300\" srcset=\"https:\/\/www.feuerwehrkostheim.de\/wp-content\/uploads\/2022\/06\/2022-06-21_Balkonbrand-225x300.jpg 225w, https:\/\/www.feuerwehrkostheim.de\/wp-content\/uploads\/2022\/06\/2022-06-21_Balkonbrand-768x1024.jpg 768w, https:\/\/www.feuerwehrkostheim.de\/wp-content\/uploads\/2022\/06\/2022-06-21_Balkonbrand-1152x1536.jpg 1152w, https:\/\/www.feuerwehrkostheim.de\/wp-content\/uploads\/2022\/06\/2022-06-21_Balkonbrand-1536x2048.jpg 1536w, https:\/\/www.feuerwehrkostheim.de\/wp-content\/uploads\/2022\/06\/2022-06-21_Balkonbrand-610x813.jpg 610w, https:\/\/www.feuerwehrkostheim.de\/wp-content\/uploads\/2022\/06\/2022-06-21_Balkonbrand-scaled.jpg 1920w\" sizes=\"(max-width: 225px) 100vw, 225px\" \/><\/a>Neben einer Unwetterzelle, die im Juni f\u00fcr zahlreiche vollgelaufene Keller und somit Eins\u00e4tze sorgte, war auch ein Brandereignis abzuarbeiten, welches h\u00e4tte einen deutlich schwereren Verlauf h\u00e4tte nehmen k\u00f6nnen. In der Nikolausstra\u00dfe kam es zu einem Brand auf einem Balkon, in dessen Verlauf sich das Feuer rasant schnell \u00fcber die dar\u00fcber liegenden Stockwerke ausbreitete und dort die ausgefahrenen Markisen zum Sonnenschutz entz\u00fcndete. Das rasche Eingreifen der Feuerwehr konnte zum Gl\u00fcck schlimmeres verhindern.<\/p>\n<p>Ende Juni fanden dann nach mehreren Absagen und Verschiebungen die Jahreshauptversammlungen der Jahre 2020, 2021 und 2022 statt. Am gleichen Abend konnte dann endlich auch der mehrmals verschobene Jubilarenabend stattfinden, bei dem zahlreiche Ehrungen und Bef\u00f6rderungen durchgef\u00fchrt werden konnten.<\/p>\n<p>Doch viel Zeit zum Verschnaufen blieb auch im Juli nicht. Neben der Ehrung von langj\u00e4hrig aktiven Einsatzkr\u00e4ften, die Mitte Juli durch den Oberb\u00fcrgermeister Mende im Wiesbadener Rathaus ausgesprochen wurde, waren bei weiter steigenden Temperaturen wieder einige Eins\u00e4tze abzuarbeiten.<\/p>\n<p><a href=\"https:\/\/www.feuerwehrkostheim.de\/?p=6498\" target=\"_blank\" rel=\"noopener\"><img loading=\"lazy\" decoding=\"async\" class=\"alignright size-medium wp-image-6497\" style=\"border: 4px solid #D8D8D8;\" src=\"https:\/\/www.feuerwehrkostheim.de\/wp-content\/uploads\/2022\/07\/2022-07-14-Feuer-Mombach-300x225.jpg\" alt=\"\" width=\"300\" height=\"225\" srcset=\"https:\/\/www.feuerwehrkostheim.de\/wp-content\/uploads\/2022\/07\/2022-07-14-Feuer-Mombach-300x225.jpg 300w, https:\/\/www.feuerwehrkostheim.de\/wp-content\/uploads\/2022\/07\/2022-07-14-Feuer-Mombach-1024x768.jpg 1024w, https:\/\/www.feuerwehrkostheim.de\/wp-content\/uploads\/2022\/07\/2022-07-14-Feuer-Mombach-768x576.jpg 768w, https:\/\/www.feuerwehrkostheim.de\/wp-content\/uploads\/2022\/07\/2022-07-14-Feuer-Mombach-1536x1152.jpg 1536w, https:\/\/www.feuerwehrkostheim.de\/wp-content\/uploads\/2022\/07\/2022-07-14-Feuer-Mombach-2048x1536.jpg 2048w\" sizes=\"(max-width: 300px) 100vw, 300px\" \/><\/a>Dabei w\u00e4re der Gro\u00dfbrand in Mainz-Mombach zu erw\u00e4hnen, bei dem ein L\u00f6schfahrzeug samt Besatzung nach dem Brand der Rheingoldhalle erneut \u00fcber\u00f6rtlich auf Mainzer Seite zum Einsatz kam. Insgesamt stellte die Feuerwehr Wiesbaden einen kompletten L\u00f6schzug mit Einsatzleitwagen, Drehleiter und einem weiteren L\u00f6schfahrzeug der FF Stadtmitte zur Nachbarschaftshilfe zur Verf\u00fcgung.<\/p>\n<p>Die lange Zeit ohne nennenswerte Regenf\u00e4lle sorgte in diesem Sommer f\u00fcr weitere Eins\u00e4tze, \u00fcberwiegend in Form von Fl\u00e4chen- oder Gestr\u00fcppbr\u00e4nden. Der August war neben dem Juni (16) der einsatzreichste Monat mit insgesamt 13 Alarmierungen.<\/p>\n<p><a href=\"https:\/\/www.feuerwehrkostheim.de\/?p=6544\" target=\"_blank\" rel=\"noopener\"><img loading=\"lazy\" decoding=\"async\" class=\"size-medium wp-image-6552 alignleft\" style=\"border: 4px solid #D8D8D8;\" src=\"https:\/\/www.feuerwehrkostheim.de\/wp-content\/uploads\/2022\/08\/2022-08-13-SH-2-300x200.jpg\" alt=\"\" width=\"300\" height=\"200\" srcset=\"https:\/\/www.feuerwehrkostheim.de\/wp-content\/uploads\/2022\/08\/2022-08-13-SH-2-300x200.jpg 300w, https:\/\/www.feuerwehrkostheim.de\/wp-content\/uploads\/2022\/08\/2022-08-13-SH-2-1024x683.jpg 1024w, https:\/\/www.feuerwehrkostheim.de\/wp-content\/uploads\/2022\/08\/2022-08-13-SH-2-768x512.jpg 768w, https:\/\/www.feuerwehrkostheim.de\/wp-content\/uploads\/2022\/08\/2022-08-13-SH-2.jpg 1500w\" sizes=\"(max-width: 300px) 100vw, 300px\" \/><\/a>Trotz der vielen Eins\u00e4tze im August lie\u00df es sich die Wehr jedoch nicht nehmen, Ihrem Wehrf\u00fchrer und dessen Frau, die ebenfalls in der Einsatzabteilung aktiv ist, zur Silberhochzeit zu gratulieren. Sie \u00fcberraschte das Jubelpaar mit einem Spalier vor der Kirche und einer Rollerescorte durch die Stra\u00dfen Kostheims.<\/p>\n<p>Der Start in den September lie\u00df, zumindest was die Einsatzaktivit\u00e4ten anging, keine Erholung aufkommen. Neben Kellerbr\u00e4nden, Fehlalarmen und Wachbesetzungen war die Kostheimer Wehr auch am 3. September zur Unterst\u00fctzung bei einem Gro\u00dfbrand in Mainz-Kastel eingesetzt &#8211; dort brannten eine Vielzahl von Gartenh\u00fctten. Zusammen mit weiteren Freiwilligen Wehren aus dem gesamten Stadtgebiet und der Berufsfeuerwehr konnte ein weiteres Ausbreiten des Feuers auf benachbarte Gartenh\u00e4user verhindert werden.<\/p>\n<p><a href=\"https:\/\/www.feuerwehrkostheim.de\/?p=6588\" target=\"_blank\" rel=\"noopener\"><img loading=\"lazy\" decoding=\"async\" class=\"size-medium alignright\" style=\"border: 4px solid #D8D8D8;\" src=\"https:\/\/live.staticflickr.com\/65535\/52349923798_3bd73fd0eb_n.jpg\" width=\"319\" height=\"213\" \/><\/a>Doch neben der Vielzahl an Eins\u00e4tzen in diesem Jahr, standen auch die Aus- und Weiterbildungen wieder deutlich mehr im Vordergrund. Zahlreiche Lehrg\u00e4nge konnten erfolgreich absolviert werden und auch die Einsatzabteilung hat aus der Jugendfeuerwehr wieder Verst\u00e4rkung bekommen. Nennenswert ist auch die gro\u00df angelegte \u00dcbung auf dem Weiherbrunnerhof, bei welchen ebenfalls die Wehren aus Mainz-Kastel und Schierstein aktiv mit eingebunden waren. Im Vordergrund stand hierbei das im Jahr zuvor vermittelte Wissen, bez\u00fcglich des Umgangs mit Pferden, realit\u00e4tsnah zu festigen. F\u00fcr alle Beteiligten ein \u00e4u\u00dferst Lehrreicher Tag.<\/p>\n<p><a href=\"https:\/\/www.feuerwehrkostheim.de\/?p=6588\" target=\"_blank\" rel=\"noopener\"><img loading=\"lazy\" decoding=\"async\" class=\"aligncenter size-medium\" style=\"border: 4px solid #D8D8D8;\" src=\"https:\/\/live.staticflickr.com\/65535\/52349934278_b4027039d3.jpg\" width=\"500\" height=\"240\" \/><\/a><\/p>\n<p>Ende September fand der vom Hessischen Ministerium des Inneren und Sport organisierte &#8220;Tag des Ehrenamtes&#8221; im Freizeitpark Taunus-Wunderland statt.<br \/>\n<a href=\"https:\/\/www.feuerwehrkostheim.de\/?p=6599\" target=\"_blank\" rel=\"noopener\"><img loading=\"lazy\" decoding=\"async\" class=\"alignleft \" style=\"border: 4px solid #D8D8D8;\" src=\"https:\/\/live.staticflickr.com\/65535\/52390211939_c7b87216e6_n.jpg\" width=\"340\" height=\"236\" \/><\/a>Im Rahmen dieses Tages fand auch die Auszeichnung der Kameradinnen und Kameraden statt, die im Jahr 2021 \u00fcber die hessischen Landesgrenzen hinaus bei den verschiedensten Katastrophenschutzeins\u00e4tzen (Hochwasser in NRW und Rheinland-Pfalz, Waldbr\u00e4nde in Griechenland)\u00a0 eingesetzt waren. Auch eine Vielzahl an Kostheimer Feuerwehrkameraden erhielten durften an dem Tag die Landesauszeichnung in Empfang nehmen.<\/p>\n<p><a href=\"https:\/\/www.feuerwehrkostheim.de\/?p=6650\" target=\"_blank\" rel=\"noopener\"><img loading=\"lazy\" decoding=\"async\" class=\"alignright size-thumbnail wp-image-6652\" src=\"https:\/\/www.feuerwehrkostheim.de\/wp-content\/uploads\/2022\/12\/Herunterladen-150x150.png\" alt=\"\" width=\"150\" height=\"150\" srcset=\"https:\/\/www.feuerwehrkostheim.de\/wp-content\/uploads\/2022\/12\/Herunterladen-150x150.png 150w, https:\/\/www.feuerwehrkostheim.de\/wp-content\/uploads\/2022\/12\/Herunterladen-300x300.png 300w, https:\/\/www.feuerwehrkostheim.de\/wp-content\/uploads\/2022\/12\/Herunterladen-1024x1024.png 1024w, https:\/\/www.feuerwehrkostheim.de\/wp-content\/uploads\/2022\/12\/Herunterladen-768x768.png 768w, https:\/\/www.feuerwehrkostheim.de\/wp-content\/uploads\/2022\/12\/Herunterladen-1536x1536.png 1536w, https:\/\/www.feuerwehrkostheim.de\/wp-content\/uploads\/2022\/12\/Herunterladen-2048x2048.png 2048w\" sizes=\"(max-width: 150px) 100vw, 150px\" \/><\/a>Zu guter Letzt haben sich 21 Kameradinnen und Kameraden im Dezember zu mobilen Rettern ausbilden lassen, um ab kommendem Februar in lebensbedrohlichen Notfallsituationen, bei denen jede Sekunde z\u00e4hlt, die Rettungskette bis zum Eintreffen des Rettungsdienstes mit der n\u00f6tigen Erfahrung st\u00e4rken zu k\u00f6nnen.<\/p>\n<p><a href=\"https:\/\/www.feuerwehrkostheim.de\/wp-content\/uploads\/2022\/12\/Rose-Kerze.jpg\" target=\"_blank\" rel=\"noopener\"><img loading=\"lazy\" decoding=\"async\" class=\"alignleft wp-image-6677 \" style=\"border: 4px solid #D8D8D8;\" title=\"Bild von &lt;a href=&quot;https:\/\/pixabay.com\/de\/users\/myriams-fotos-1627417\/?utm_source=link-attribution&amp;amp;utm_medium=referral&amp;amp;utm_campaign=image&amp;amp;utm_content=4871606&quot;&gt;Myriams-Fotos&lt;\/a&gt; auf &lt;a href=&quot;https:\/\/pixabay.com\/de\/\/?utm_source=link-attribution&amp;amp;utm_medium=referral&amp;amp;utm_campaign=image&amp;amp;utm_content=4871606&quot;&gt;Pixabay&lt;\/a&gt;\" src=\"https:\/\/www.feuerwehrkostheim.de\/wp-content\/uploads\/2022\/12\/Rose-Kerze-300x200.jpg\" alt=\"\" width=\"245\" height=\"163\" srcset=\"https:\/\/www.feuerwehrkostheim.de\/wp-content\/uploads\/2022\/12\/Rose-Kerze-300x200.jpg 300w, https:\/\/www.feuerwehrkostheim.de\/wp-content\/uploads\/2022\/12\/Rose-Kerze-1024x683.jpg 1024w, https:\/\/www.feuerwehrkostheim.de\/wp-content\/uploads\/2022\/12\/Rose-Kerze-768x512.jpg 768w, https:\/\/www.feuerwehrkostheim.de\/wp-content\/uploads\/2022\/12\/Rose-Kerze-1536x1024.jpg 1536w, https:\/\/www.feuerwehrkostheim.de\/wp-content\/uploads\/2022\/12\/Rose-Kerze.jpg 1920w\" sizes=\"(max-width: 245px) 100vw, 245px\" \/><\/a>Bei aller Umtriebigkeit, Eins\u00e4tzen und Veranstaltungen gab es auch wieder Momente, bei welchen gef\u00fchlt die Zeit kurz still stand. Auch in diesem Jahr verstarben einige langj\u00e4hrige Wegbegleiter der Wehr. Neben dem fr\u00fcheren Betreuer der Kostheimer Feuerwehr musste man auch Abschied nehmen von langj\u00e4hrigen Mitgliedern und Ehrenmitgliedern des F\u00f6rdervereins. Ihnen allen wird die Wehr ein ehrendes Andenken bewahren.<\/p>\n<p>Zu guter Letzt bleibt der Ausblick. Was kommt 2023? Auch hier stehen schon einige feste Termine auf dem Plan. Zumindest die Ausbildung kann koordiniert werden, was bei den Eins\u00e4tzen leider nicht m\u00f6glich ist. Nach den einsatz\u00e4rmeren Jahren 2020 und 2021 zeigte schon das Jahr 2022 die R\u00fcckkehr zu den alten Einsatzzahlen. So d\u00fcrfte auch im kommenden Jahr die Zahl von 100 Eins\u00e4tzen keine so unrealistische Hausnummer sein.<\/p>\n<p style=\"text-align: center;\">Bei allem was sich \u00e4ndert, bleibt jedoch eins stets gleich und ist gleichzeitig eine Liedzeile des Kostheimer Feuerwehrliedes:<br \/>\n<strong>Wenn man uns braucht, dann sind wir da!<\/strong><\/p>\n<p><a href=\"https:\/\/www.feuerwehrkostheim.de\/wp-content\/uploads\/2022\/12\/Einsatzabteilung-scaled.jpg\" target=\"_blank\" rel=\"noopener\"><img loading=\"lazy\" decoding=\"async\" class=\"aligncenter size-large wp-image-6679\" style=\"border: 4px solid #D8D8D8;\" src=\"https:\/\/www.feuerwehrkostheim.de\/wp-content\/uploads\/2022\/12\/Einsatzabteilung-1024x505.jpg\" alt=\"\" width=\"640\" height=\"316\" srcset=\"https:\/\/www.feuerwehrkostheim.de\/wp-content\/uploads\/2022\/12\/Einsatzabteilung-1024x505.jpg 1024w, https:\/\/www.feuerwehrkostheim.de\/wp-content\/uploads\/2022\/12\/Einsatzabteilung-300x148.jpg 300w, https:\/\/www.feuerwehrkostheim.de\/wp-content\/uploads\/2022\/12\/Einsatzabteilung-768x379.jpg 768w, https:\/\/www.feuerwehrkostheim.de\/wp-content\/uploads\/2022\/12\/Einsatzabteilung-1536x757.jpg 1536w, https:\/\/www.feuerwehrkostheim.de\/wp-content\/uploads\/2022\/12\/Einsatzabteilung-2048x1010.jpg 2048w\" sizes=\"(max-width: 640px) 100vw, 640px\" \/><\/a><\/p>\n<p style=\"text-align: center;\"><strong><em>Die Feuerwehr Kostheim w\u00fcnscht allen ein<br \/>\ngesundes und erfolgreiches Jahr 2023!<\/em><\/strong><\/p>\n","protected":false},"excerpt":{"rendered":"<p>Nach fast zwei Jahren der Einschr\u00e4nkungen, aufgrund der Corona Pandemie, startete die Kostheimer Feuerwehr mit der gro\u00dfen Hoffnung auf mehr Normalit\u00e4t in das Jahr 2022. Auch wenn die Silvesternacht im zweiten Jahr in Folge ruhig und ohne Eins\u00e4tze verlief, dauerte es doch nur wenige Stunden im neuen Jahr bis die Pager der Kostheimer Kameraden zum [&hellip;]<\/p>\n","protected":false},"author":1,"featured_media":0,"comment_status":"closed","ping_status":"open","sticky":false,"template":"","format":"standard","meta":{"_et_pb_use_builder":"","_et_pb_old_content":"","_et_gb_content_width":"","_crdt_document":"","footnotes":""},"categories":[1],"tags":[],"class_list":["post-6672","post","type-post","status-publish","format-standard","hentry","category-allgemein"],"_links":{"self":[{"href":"https:\/\/www.feuerwehrkostheim.de\/index.php?rest_route=\/wp\/v2\/posts\/6672","targetHints":{"allow":["GET"]}}],"collection":[{"href":"https:\/\/www.feuerwehrkostheim.de\/index.php?rest_route=\/wp\/v2\/posts"}],"about":[{"href":"https:\/\/www.feuerwehrkostheim.de\/index.php?rest_route=\/wp\/v2\/types\/post"}],"author":[{"embeddable":true,"href":"https:\/\/www.feuerwehrkostheim.de\/index.php?rest_route=\/wp\/v2\/users\/1"}],"replies":[{"embeddable":true,"href":"https:\/\/www.feuerwehrkostheim.de\/index.php?rest_route=%2Fwp%2Fv2%2Fcomments&post=6672"}],"version-history":[{"count":9,"href":"https:\/\/www.feuerwehrkostheim.de\/index.php?rest_route=\/wp\/v2\/posts\/6672\/revisions"}],"predecessor-version":[{"id":6684,"href":"https:\/\/www.feuerwehrkostheim.de\/index.php?rest_route=\/wp\/v2\/posts\/6672\/revisions\/6684"}],"wp:attachment":[{"href":"https:\/\/www.feuerwehrkostheim.de\/index.php?rest_route=%2Fwp%2Fv2%2Fmedia&parent=6672"}],"wp:term":[{"taxonomy":"category","embeddable":true,"href":"https:\/\/www.feuerwehrkostheim.de\/index.php?rest_route=%2Fwp%2Fv2%2Fcategories&post=6672"},{"taxonomy":"post_tag","embeddable":true,"href":"https:\/\/www.feuerwehrkostheim.de\/index.php?rest_route=%2Fwp%2Fv2%2Ftags&post=6672"}],"curies":[{"name":"wp","href":"https:\/\/api.w.org\/{rel}","templated":true}]}}