{"id":6650,"date":"2022-12-06T14:37:23","date_gmt":"2022-12-06T12:37:23","guid":{"rendered":"https:\/\/www.feuerwehrkostheim.de\/?p=6650"},"modified":"2022-12-06T14:38:42","modified_gmt":"2022-12-06T12:38:42","slug":"ausbildung-zum-mobilen-retter","status":"publish","type":"post","link":"https:\/\/www.feuerwehrkostheim.de\/?p=6650","title":{"rendered":"Ausbildung zum &#8220;Mobilen Retter&#8221;"},"content":{"rendered":"<p><a href=\"https:\/\/www.feuerwehrkostheim.de\/wp-content\/uploads\/2022\/12\/Herunterladen.png\"><img loading=\"lazy\" decoding=\"async\" class=\"alignright wp-image-6652\" src=\"https:\/\/www.feuerwehrkostheim.de\/wp-content\/uploads\/2022\/12\/Herunterladen-300x300.png\" alt=\"\" width=\"169\" height=\"169\" srcset=\"https:\/\/www.feuerwehrkostheim.de\/wp-content\/uploads\/2022\/12\/Herunterladen-300x300.png 300w, https:\/\/www.feuerwehrkostheim.de\/wp-content\/uploads\/2022\/12\/Herunterladen-1024x1024.png 1024w, https:\/\/www.feuerwehrkostheim.de\/wp-content\/uploads\/2022\/12\/Herunterladen-150x150.png 150w, https:\/\/www.feuerwehrkostheim.de\/wp-content\/uploads\/2022\/12\/Herunterladen-768x768.png 768w, https:\/\/www.feuerwehrkostheim.de\/wp-content\/uploads\/2022\/12\/Herunterladen-1536x1536.png 1536w, https:\/\/www.feuerwehrkostheim.de\/wp-content\/uploads\/2022\/12\/Herunterladen-2048x2048.png 2048w\" sizes=\"(max-width: 169px) 100vw, 169px\" \/><\/a>Wenn das Herz aufh\u00f6rt zu schlagen, z\u00e4hlt jede Sekunde! Diese Aussage ist jedem bewusst und bekannt. Trotz eines ausgekl\u00fcgelten Rettungsdienstsystems in der Stadt Wiesbaden, vergehen trotz der Einhaltung der Hilfsfrist, wichtige Minuten, bis beim Patienten fachliche Hilfe eintrifft. Um zuk\u00fcnftig die Rettungskette weiter zu verst\u00e4rken, wird in Wiesbaden ab kommendem Jahr das System der \u201emobilen Retter\u201c gestartet. Hierdurch soll die therapiefreie Zeit bei schwerwiegenden Erkrankungen (v.a. Herz-Kreislauf-Stillstand) durch gezielte Erste Hilfe so kurz wie m\u00f6glich gehalten werden. Mithilfe der Smartphone-basierten Ersthelfer-Alarmierung werden medizinisch qualifizierte Ersthelfer*innen nach Wahl des Notrufs 112 durch die Leitstelle \u00fcber die GPS-Komponente ihrer Smartphones geortet und parallel zum Rettungsdienst alarmiert. Durch die \u00f6rtliche N\u00e4he k\u00f6nnen Mobile Retter oft schneller als der Rettungsdienst am Notfallort sein und bis zu dessen Eintreffen bereits qualifizierte lebensrettende Ma\u00dfnahmen einleiten.<\/p>\n<p><!--more--><img decoding=\"async\" class=\"alignright size-medium\" style=\"border: 4px solid #D8D8D8;\" src=\"https:\/\/live.staticflickr.com\/65535\/52546930195_b98d7cc0ff_n.jpg\" height=\"240\" \/>Aktuell laufen im Bereich der Wiesbadener Freiwilligen Feuerwehren sowie weiteren Hilfsorganisationen \u201eMobile Retter-Trainings\u201c mit dem Ziel, f\u00fcr den Start-Termin am 1. Februar 2023 eine m\u00f6glichst hohe Zahl an vorbereiteten Ersthelfern auszubilden. Hierbei werden neben dem Vermitteln der theoretischen und rechtlichen Themen auch die praktische Auffrischung einer Herz-Lungen-Wiederbelebung durchgef\u00fchrt.<\/p>\n<p>Bei der Kostheimer Feuerwehr fand dieses Training am ersten Freitag im Dezember im Feuerwehrger\u00e4teaus statt. Insgesamt wurden 21 Kameraden an dem Abend geschult und daf\u00fcr fit gemacht, ab Februar 2023 als \u201eMobiler Retter\u201c in den daf\u00fcr angedachten Notf\u00e4llen, eingesetzt zu werden.<\/p>\n<p>Weitere Infos erhalten Sie hier:<br \/>\n<a href=\"https:\/\/portal.mobile-retter.org\/regionen\/landeshauptstadt-wiesbaden\/\" target=\"_blank\" rel=\"noopener\">https:\/\/portal.mobile-retter.org\/regionen\/landeshauptstadt-wiesbaden\/<\/a><\/p>\n                    <div class=\"flicgal-gallery-wrapper gallery-6649\">\n                                                    <h3 class=\"flicgal-title\">Training &#8220;Mobile Retter&#8221; &#8211; 2.12.22<\/h3>\n                                                <div class=\"flicgal-gallery-container-wrapper\">\n                            <div class=\"flicgal-spinner-wrapper\">\n                                <div class=\"flicgal-loading-img\"><img decoding=\"async\" src=\"https:\/\/www.feuerwehrkostheim.de\/wp-content\/plugins\/flickr-album-gallery\/img\/loading.gif\" \/><\/div>\n                            <\/div>\n                            <div class=\"flicgal-gallery-container\"><\/div>\n                        <\/div>\n                        <!-- Blueimp gallery -->\n                        <div id=\"blueimp-gallery-6649\" class=\"blueimp-gallery blueimp-gallery-controls\">\n                            <div class=\"slides\"><\/div>\n                            <h3 class=\"title\"><\/h3>\n                            <a class=\"prev\">\u2039<\/a>\n                            <a class=\"next\">\u203a<\/a>\n                            <a class=\"close\">\u00d7<\/a>\n                            <a class=\"play-pause\"><\/a>\n                            <ol class=\"indicator\"><\/ol>\n                        <\/div>\n                    <\/div>\n                    \n            \n","protected":false},"excerpt":{"rendered":"<p>Wenn das Herz aufh\u00f6rt zu schlagen, z\u00e4hlt jede Sekunde! Diese Aussage ist jedem bewusst und bekannt. Trotz eines ausgekl\u00fcgelten Rettungsdienstsystems in der Stadt Wiesbaden, vergehen trotz der Einhaltung der Hilfsfrist, wichtige Minuten, bis beim Patienten fachliche Hilfe eintrifft. Um zuk\u00fcnftig die Rettungskette weiter zu verst\u00e4rken, wird in Wiesbaden ab kommendem Jahr das System der \u201emobilen [&hellip;]<\/p>\n","protected":false},"author":1,"featured_media":0,"comment_status":"closed","ping_status":"open","sticky":false,"template":"","format":"standard","meta":{"_et_pb_use_builder":"","_et_pb_old_content":"","_et_gb_content_width":"","_crdt_document":"","footnotes":""},"categories":[4],"tags":[177,1559,1560,1558,1561,285,330],"class_list":["post-6650","post","type-post","status-publish","format-standard","hentry","category-einsatzabteilung","tag-ausbildung","tag-hlw","tag-mobile","tag-notfaelle","tag-retter","tag-rettungsdienst","tag-wiesbaden"],"_links":{"self":[{"href":"https:\/\/www.feuerwehrkostheim.de\/index.php?rest_route=\/wp\/v2\/posts\/6650","targetHints":{"allow":["GET"]}}],"collection":[{"href":"https:\/\/www.feuerwehrkostheim.de\/index.php?rest_route=\/wp\/v2\/posts"}],"about":[{"href":"https:\/\/www.feuerwehrkostheim.de\/index.php?rest_route=\/wp\/v2\/types\/post"}],"author":[{"embeddable":true,"href":"https:\/\/www.feuerwehrkostheim.de\/index.php?rest_route=\/wp\/v2\/users\/1"}],"replies":[{"embeddable":true,"href":"https:\/\/www.feuerwehrkostheim.de\/index.php?rest_route=%2Fwp%2Fv2%2Fcomments&post=6650"}],"version-history":[{"count":4,"href":"https:\/\/www.feuerwehrkostheim.de\/index.php?rest_route=\/wp\/v2\/posts\/6650\/revisions"}],"predecessor-version":[{"id":6655,"href":"https:\/\/www.feuerwehrkostheim.de\/index.php?rest_route=\/wp\/v2\/posts\/6650\/revisions\/6655"}],"wp:attachment":[{"href":"https:\/\/www.feuerwehrkostheim.de\/index.php?rest_route=%2Fwp%2Fv2%2Fmedia&parent=6650"}],"wp:term":[{"taxonomy":"category","embeddable":true,"href":"https:\/\/www.feuerwehrkostheim.de\/index.php?rest_route=%2Fwp%2Fv2%2Fcategories&post=6650"},{"taxonomy":"post_tag","embeddable":true,"href":"https:\/\/www.feuerwehrkostheim.de\/index.php?rest_route=%2Fwp%2Fv2%2Ftags&post=6650"}],"curies":[{"name":"wp","href":"https:\/\/api.w.org\/{rel}","templated":true}]}}