{"id":6642,"date":"2022-11-30T09:02:34","date_gmt":"2022-11-30T07:02:34","guid":{"rendered":"https:\/\/www.feuerwehrkostheim.de\/?p=6642"},"modified":"2022-11-30T09:15:22","modified_gmt":"2022-11-30T07:15:22","slug":"brandverdacht-in-der-waldhofstrasse","status":"publish","type":"post","link":"https:\/\/www.feuerwehrkostheim.de\/?p=6642","title":{"rendered":"Brandverdacht in der Waldhofstra\u00dfe"},"content":{"rendered":"<p><img loading=\"lazy\" decoding=\"async\" class=\"alignleft\" title=\"Einsatz-Logo\" src=\"https:\/\/www.feuerwehrkostheim.de\/wp-content\/bilder\/sonstige\/logo_einsatz.jpg\" alt=\"Einsatz-Logo\" width=\"100\" height=\"100\" \/><strong>29. November 2022 &#8211; 15:13 Uhr<\/strong><br \/>\n<strong>Waldhofstra\u00dfe<\/strong><br \/>\nF 2 \/ Alarmgruppe mit FF-Kastel<br \/>\nEinsatz 88 &#8211; 2022<\/p>\n<p>Am Dienstagmittag f\u00fchrte ein Brandverdacht zu einem Feuerwehreinsatz in der Waldhofstra\u00dfe. Die zeitnah an der Einsatzstelle eingetroffenen Kameraden der Berufsfeuerwehr erkundeten die Lage und stellten eingeranntes Kochgut in einer Wohnung fest. Die ebenfalls alarmierten Kr\u00e4fte der Freiwilligen Wehren Kostheim und Kastel mussten nicht mehr unterst\u00fctzend t\u00e4tig werden. Nach der Bel\u00fcftung der R\u00e4umlichkeiten konnte der Einsatz beendet werden.<\/p>\n","protected":false},"excerpt":{"rendered":"<p>29. November 2022 &#8211; 15:13 Uhr Waldhofstra\u00dfe F 2 \/ Alarmgruppe mit FF-Kastel Einsatz 88 &#8211; 2022 Am Dienstagmittag f\u00fchrte ein Brandverdacht zu einem Feuerwehreinsatz in der Waldhofstra\u00dfe. Die zeitnah an der Einsatzstelle eingetroffenen Kameraden der Berufsfeuerwehr erkundeten die Lage und stellten eingeranntes Kochgut in einer Wohnung fest. Die ebenfalls alarmierten Kr\u00e4fte der Freiwilligen Wehren [&hellip;]<\/p>\n","protected":false},"author":1,"featured_media":0,"comment_status":"closed","ping_status":"open","sticky":false,"template":"","format":"standard","meta":{"_et_pb_use_builder":"","_et_pb_old_content":"","_et_gb_content_width":"","_crdt_document":"","footnotes":""},"categories":[5],"tags":[110,112,1265,842,159,366,1259],"class_list":["post-6642","post","type-post","status-publish","format-standard","hentry","category-einsatze","tag-alarmgruppe","tag-brandverdacht","tag-f2","tag-heimrauchmelder","tag-kochgut","tag-rauch","tag-verraucht"],"_links":{"self":[{"href":"https:\/\/www.feuerwehrkostheim.de\/index.php?rest_route=\/wp\/v2\/posts\/6642","targetHints":{"allow":["GET"]}}],"collection":[{"href":"https:\/\/www.feuerwehrkostheim.de\/index.php?rest_route=\/wp\/v2\/posts"}],"about":[{"href":"https:\/\/www.feuerwehrkostheim.de\/index.php?rest_route=\/wp\/v2\/types\/post"}],"author":[{"embeddable":true,"href":"https:\/\/www.feuerwehrkostheim.de\/index.php?rest_route=\/wp\/v2\/users\/1"}],"replies":[{"embeddable":true,"href":"https:\/\/www.feuerwehrkostheim.de\/index.php?rest_route=%2Fwp%2Fv2%2Fcomments&post=6642"}],"version-history":[{"count":1,"href":"https:\/\/www.feuerwehrkostheim.de\/index.php?rest_route=\/wp\/v2\/posts\/6642\/revisions"}],"predecessor-version":[{"id":6643,"href":"https:\/\/www.feuerwehrkostheim.de\/index.php?rest_route=\/wp\/v2\/posts\/6642\/revisions\/6643"}],"wp:attachment":[{"href":"https:\/\/www.feuerwehrkostheim.de\/index.php?rest_route=%2Fwp%2Fv2%2Fmedia&parent=6642"}],"wp:term":[{"taxonomy":"category","embeddable":true,"href":"https:\/\/www.feuerwehrkostheim.de\/index.php?rest_route=%2Fwp%2Fv2%2Fcategories&post=6642"},{"taxonomy":"post_tag","embeddable":true,"href":"https:\/\/www.feuerwehrkostheim.de\/index.php?rest_route=%2Fwp%2Fv2%2Ftags&post=6642"}],"curies":[{"name":"wp","href":"https:\/\/api.w.org\/{rel}","templated":true}]}}