{"id":6634,"date":"2022-11-17T10:16:57","date_gmt":"2022-11-17T08:16:57","guid":{"rendered":"https:\/\/www.feuerwehrkostheim.de\/?p=6634"},"modified":"2022-11-17T10:17:39","modified_gmt":"2022-11-17T08:17:39","slug":"betreuung-der-martinsfeuer","status":"publish","type":"post","link":"https:\/\/www.feuerwehrkostheim.de\/?p=6634","title":{"rendered":"Betreuung der Martinsfeuer"},"content":{"rendered":"<p><a href=\"https:\/\/www.feuerwehrkostheim.de\/wp-content\/uploads\/2022\/11\/2022-11-17-Martinsfeuer-scaled.jpg\"><img decoding=\"async\" class=\"alignright size-medium wp-image-6635\" style=\"border: 4px solid #D8D8D8;\" src=\"https:\/\/www.feuerwehrkostheim.de\/wp-content\/uploads\/2022\/11\/2022-11-17-Martinsfeuer-300x225.jpg\" alt=\"\" height=\"225\" srcset=\"https:\/\/www.feuerwehrkostheim.de\/wp-content\/uploads\/2022\/11\/2022-11-17-Martinsfeuer-300x225.jpg 300w, https:\/\/www.feuerwehrkostheim.de\/wp-content\/uploads\/2022\/11\/2022-11-17-Martinsfeuer-1024x768.jpg 1024w, https:\/\/www.feuerwehrkostheim.de\/wp-content\/uploads\/2022\/11\/2022-11-17-Martinsfeuer-768x576.jpg 768w, https:\/\/www.feuerwehrkostheim.de\/wp-content\/uploads\/2022\/11\/2022-11-17-Martinsfeuer-1536x1152.jpg 1536w, https:\/\/www.feuerwehrkostheim.de\/wp-content\/uploads\/2022\/11\/2022-11-17-Martinsfeuer-2048x1536.jpg 2048w\" sizes=\"(max-width: 300px) 100vw, 300px\" \/><\/a>Nach einer coronabedingten Durststrecke, in der bei den \u00f6rtlichen Kinderg\u00e4rten und Schulen die Martinsumz\u00fcge, Martinsfeuer oder Lichterfeste nicht stattgefunden haben, hatten in diesem Jahr wieder alle Einrichtungen sich dem Thema gewidmet und zu den abendlichen Veranstaltungen eingeladen. Die Jugendfeuerwehr Kostheim \u2013 verst\u00e4rkt durch die Einsatzabteilung \u2013 war \u00fcber mehrere Tage hinweg zur Unterst\u00fctzung bei den verschiedensten Martinsveranstaltungen anwesend um das Martinsfeuer zu beaufsichtigen oder bei den kleinen Umz\u00fcgen helfend zur Seite zu stehen, falls eine Laterne nicht mehr wie \u00fcblich eingesetzt brannte.<\/p>\n","protected":false},"excerpt":{"rendered":"<p>Nach einer coronabedingten Durststrecke, in der bei den \u00f6rtlichen Kinderg\u00e4rten und Schulen die Martinsumz\u00fcge, Martinsfeuer oder Lichterfeste nicht stattgefunden haben, hatten in diesem Jahr wieder alle Einrichtungen sich dem Thema gewidmet und zu den abendlichen Veranstaltungen eingeladen. Die Jugendfeuerwehr Kostheim \u2013 verst\u00e4rkt durch die Einsatzabteilung \u2013 war \u00fcber mehrere Tage hinweg zur Unterst\u00fctzung bei den [&hellip;]<\/p>\n","protected":false},"author":1,"featured_media":0,"comment_status":"closed","ping_status":"open","sticky":false,"template":"","format":"standard","meta":{"_et_pb_use_builder":"","_et_pb_old_content":"","_et_gb_content_width":"","_crdt_document":"","footnotes":""},"categories":[4,7],"tags":[828,175,173],"class_list":["post-6634","post","type-post","status-publish","format-standard","hentry","category-einsatzabteilung","category-jugendfeuerwehr","tag-jugendfeuerwehr","tag-martinsfeuer","tag-martinsumzug"],"_links":{"self":[{"href":"https:\/\/www.feuerwehrkostheim.de\/index.php?rest_route=\/wp\/v2\/posts\/6634","targetHints":{"allow":["GET"]}}],"collection":[{"href":"https:\/\/www.feuerwehrkostheim.de\/index.php?rest_route=\/wp\/v2\/posts"}],"about":[{"href":"https:\/\/www.feuerwehrkostheim.de\/index.php?rest_route=\/wp\/v2\/types\/post"}],"author":[{"embeddable":true,"href":"https:\/\/www.feuerwehrkostheim.de\/index.php?rest_route=\/wp\/v2\/users\/1"}],"replies":[{"embeddable":true,"href":"https:\/\/www.feuerwehrkostheim.de\/index.php?rest_route=%2Fwp%2Fv2%2Fcomments&post=6634"}],"version-history":[{"count":2,"href":"https:\/\/www.feuerwehrkostheim.de\/index.php?rest_route=\/wp\/v2\/posts\/6634\/revisions"}],"predecessor-version":[{"id":6637,"href":"https:\/\/www.feuerwehrkostheim.de\/index.php?rest_route=\/wp\/v2\/posts\/6634\/revisions\/6637"}],"wp:attachment":[{"href":"https:\/\/www.feuerwehrkostheim.de\/index.php?rest_route=%2Fwp%2Fv2%2Fmedia&parent=6634"}],"wp:term":[{"taxonomy":"category","embeddable":true,"href":"https:\/\/www.feuerwehrkostheim.de\/index.php?rest_route=%2Fwp%2Fv2%2Fcategories&post=6634"},{"taxonomy":"post_tag","embeddable":true,"href":"https:\/\/www.feuerwehrkostheim.de\/index.php?rest_route=%2Fwp%2Fv2%2Ftags&post=6634"}],"curies":[{"name":"wp","href":"https:\/\/api.w.org\/{rel}","templated":true}]}}