{"id":6606,"date":"2022-10-02T10:22:00","date_gmt":"2022-10-02T08:22:00","guid":{"rendered":"https:\/\/www.feuerwehrkostheim.de\/?p=6606"},"modified":"2022-10-02T10:22:00","modified_gmt":"2022-10-02T08:22:00","slug":"feuer-in-einer-fluechtlingsunterkunft","status":"publish","type":"post","link":"https:\/\/www.feuerwehrkostheim.de\/?p=6606","title":{"rendered":"Feuer in einer Fl\u00fcchtlingsunterkunft"},"content":{"rendered":"<p><img loading=\"lazy\" decoding=\"async\" class=\"alignleft\" title=\"Einsatz-Logo\" src=\"https:\/\/www.feuerwehrkostheim.de\/wp-content\/bilder\/sonstige\/logo_einsatz.jpg\" alt=\"Einsatz-Logo\" width=\"100\" height=\"100\" \/><strong>30. September 2022 &#8211; 08:00 Uhr<\/strong><br \/>\n<strong>Wiesbadener Stra\u00dfe<\/strong><br \/>\nF2Y \/ Alarmgruppe mit FF-Kastel<br \/>\nEinsatz 79 &#8211; 2022<\/p>\n<p><a href=\"https:\/\/www.feuerwehrkostheim.de\/wp-content\/uploads\/2022\/10\/2022-09-30-FF-Einsatz.jpg\" target=\"_blank\" rel=\"noopener\"><img loading=\"lazy\" decoding=\"async\" class=\"alignright wp-image-6608 size-medium\" style=\"border: 4px solid #D8D8D8;\" src=\"https:\/\/www.feuerwehrkostheim.de\/wp-content\/uploads\/2022\/10\/2022-09-30-FF-Einsatz-300x225.jpg\" alt=\"\" width=\"300\" height=\"225\" srcset=\"https:\/\/www.feuerwehrkostheim.de\/wp-content\/uploads\/2022\/10\/2022-09-30-FF-Einsatz-300x225.jpg 300w, https:\/\/www.feuerwehrkostheim.de\/wp-content\/uploads\/2022\/10\/2022-09-30-FF-Einsatz-1024x768.jpg 1024w, https:\/\/www.feuerwehrkostheim.de\/wp-content\/uploads\/2022\/10\/2022-09-30-FF-Einsatz-768x576.jpg 768w, https:\/\/www.feuerwehrkostheim.de\/wp-content\/uploads\/2022\/10\/2022-09-30-FF-Einsatz.jpg 1500w\" sizes=\"(max-width: 300px) 100vw, 300px\" \/><\/a>Um punkt 8 Uhr am Freitagmorgen wurden neben der Kostheimer Feuerwehr sowie den Kollegen aus Kastel auch der L\u00f6schzug der Feuerwache 2 in die Wiesbadner Stra\u00dfe alarmiert. Das Alarmstichwort lautete \u201eFeuer in der Fl\u00fcchtlingsunterkunft\u201c. Der nur kurze Zeit sp\u00e4ter eintreffende L\u00f6schzug konnte unverz\u00fcglich die ersten Ma\u00dfnahmen einleiten und setze ein Trupp unter Atemschutz ein. Das Feuer \u2013 ein brennender K\u00fchlschrank \u2013 war schnell gel\u00f6scht und man konzentrierte sich im Nachgang auf die Bel\u00fcftung der verrauchten R\u00e4umlichkeiten. Lediglich zwei Personen mussten vom Rettungsdienst vorsorglich gesichtet werden. Die Kameraden der Freiwilligen Wehren standen in Bereitschaft und mussten nicht mehr unterst\u00fctzend t\u00e4tig werden \u2013 sie r\u00fcckten nach einer halben Stunde wieder ein.<\/p>\n","protected":false},"excerpt":{"rendered":"<p>30. September 2022 &#8211; 08:00 Uhr Wiesbadener Stra\u00dfe F2Y \/ Alarmgruppe mit FF-Kastel Einsatz 79 &#8211; 2022 Um punkt 8 Uhr am Freitagmorgen wurden neben der Kostheimer Feuerwehr sowie den Kollegen aus Kastel auch der L\u00f6schzug der Feuerwache 2 in die Wiesbadner Stra\u00dfe alarmiert. Das Alarmstichwort lautete \u201eFeuer in der Fl\u00fcchtlingsunterkunft\u201c. Der nur kurze Zeit [&hellip;]<\/p>\n","protected":false},"author":1,"featured_media":0,"comment_status":"closed","ping_status":"open","sticky":false,"template":"","format":"standard","meta":{"_et_pb_use_builder":"","_et_pb_old_content":"","_et_gb_content_width":"","_crdt_document":"","footnotes":""},"categories":[5],"tags":[110,50,1300,31,1548,1313],"class_list":["post-6606","post","type-post","status-publish","format-standard","hentry","category-einsatze","tag-alarmgruppe","tag-brand","tag-f2y","tag-feuer","tag-fluechtlingsunterkunft","tag-kuehlschrank"],"_links":{"self":[{"href":"https:\/\/www.feuerwehrkostheim.de\/index.php?rest_route=\/wp\/v2\/posts\/6606","targetHints":{"allow":["GET"]}}],"collection":[{"href":"https:\/\/www.feuerwehrkostheim.de\/index.php?rest_route=\/wp\/v2\/posts"}],"about":[{"href":"https:\/\/www.feuerwehrkostheim.de\/index.php?rest_route=\/wp\/v2\/types\/post"}],"author":[{"embeddable":true,"href":"https:\/\/www.feuerwehrkostheim.de\/index.php?rest_route=\/wp\/v2\/users\/1"}],"replies":[{"embeddable":true,"href":"https:\/\/www.feuerwehrkostheim.de\/index.php?rest_route=%2Fwp%2Fv2%2Fcomments&post=6606"}],"version-history":[{"count":2,"href":"https:\/\/www.feuerwehrkostheim.de\/index.php?rest_route=\/wp\/v2\/posts\/6606\/revisions"}],"predecessor-version":[{"id":6609,"href":"https:\/\/www.feuerwehrkostheim.de\/index.php?rest_route=\/wp\/v2\/posts\/6606\/revisions\/6609"}],"wp:attachment":[{"href":"https:\/\/www.feuerwehrkostheim.de\/index.php?rest_route=%2Fwp%2Fv2%2Fmedia&parent=6606"}],"wp:term":[{"taxonomy":"category","embeddable":true,"href":"https:\/\/www.feuerwehrkostheim.de\/index.php?rest_route=%2Fwp%2Fv2%2Fcategories&post=6606"},{"taxonomy":"post_tag","embeddable":true,"href":"https:\/\/www.feuerwehrkostheim.de\/index.php?rest_route=%2Fwp%2Fv2%2Ftags&post=6606"}],"curies":[{"name":"wp","href":"https:\/\/api.w.org\/{rel}","templated":true}]}}