{"id":6599,"date":"2022-09-28T09:12:50","date_gmt":"2022-09-28T07:12:50","guid":{"rendered":"https:\/\/www.feuerwehrkostheim.de\/?p=6599"},"modified":"2022-09-28T09:12:50","modified_gmt":"2022-09-28T07:12:50","slug":"kostheimer-kameraden-erhalten-auszeichnung","status":"publish","type":"post","link":"https:\/\/www.feuerwehrkostheim.de\/?p=6599","title":{"rendered":"Kostheimer Kameraden erhalten Auszeichnung"},"content":{"rendered":"<p><img loading=\"lazy\" decoding=\"async\" class=\"size-medium alignright\" src=\"https:\/\/live.staticflickr.com\/65535\/52390211939_c7b87216e6_n.jpg\" style=\"border: 4px solid #D8D8D8; width=\"320\" height=\"222\" \/>Am vergangenen Samstag haben zehn Kameraden der Kostheimer Feuerwehr die Einladung des hessischen Innenministers Peter Beuth wahrgenommen und fuhren zum \u201eTag des Ehrenamtes\u201c, der im Freizeitpark Taunus-Wunderland vom Hessischen Ministerium des Inneren und f\u00fcr Sport ausgerichtet wurde. An dem Tag war der Park alleine f\u00fcr die eingeladenen Einsatzkr\u00e4fte von Feuerwehr und anderen Katastrophenschutzorganisationen, sowie deren Familienangeh\u00f6rigen, ge\u00f6ffnet.<\/p>\n<div style=\"width: 330px\" class=\"wp-caption alignleft\"><img loading=\"lazy\" decoding=\"async\" src=\"https:\/\/live.staticflickr.com\/65535\/52388962797_899fba079f_n.jpg\" alt=\"\" style=\"border: 4px solid #D8D8D8; width=\"320\" height=\"240\" \/><p class=\"wp-caption-text\">Das Wiesbadener Einsatzkr\u00e4ftekontingent, das in NRW im Einsatz war<\/p><\/div>\n<p>Im Rahmen des Tages stand jedoch nicht nur die Nutzung der Attraktionen auf dem Freizeitgel\u00e4nde im Vordergrund, vielmehr nutze die hessische Landesregierung die M\u00f6glichkeit, alle hessischen Einsatzkr\u00e4fte des Brand- und Katastrophenschutzes, die bei den bedeutsamen Fluteins\u00e4tzen in Reinland-Pfalz und Nordrhein-Westfalen sowie bei der Bek\u00e4mpfung der Waldbr\u00e4nde in Griechenland eingesetzt waren, zu ehren.<\/p>\n<p><!--more--><\/p>\n<p>Im vergangen Jahr war eine L\u00f6schgruppe der Kostheimer Feuerwehr mit weiteren Einheiten nach D\u00fcsseldorf aufgebrochen, um die dort schon eingesetzten Einsatzkr\u00e4fte aus Wiesbaden abzul\u00f6sen. Weitere drei Kameraden waren in Verbindung mit der IuK-Gruppe in den ersten drei Wochen zeitweise auf dem Sportflugplatz in Ahrweiler eingesetzt, um die Koordination der dortigen Rettungs-, Transport und Versorgungsfl\u00fcge der Hubschrauber zu unterst\u00fctzen.<\/p>\n<p><img loading=\"lazy\" decoding=\"async\" class=\"size-medium alignright\" src=\"https:\/\/live.staticflickr.com\/65535\/52389901306_e3f3f6fbc6_n.jpg\" style=\"border: 4px solid #D8D8D8; width=\"320\" height=\"240\" \/>Als Zeichen der Anerkennung bekamen die Kostheimer Kameraden die \u201eHessische Einsatzmedaille Inland\u201c verliehen. Zus\u00e4tzlich bekamen alle Einsatzkr\u00e4fte, die in NRW eingesetzt waren, zum Dank ihres Einsatzes noch die \u201eFeuerwehr- und Katastrophenschutz Einsatzmedaille\u201c des Landes Nordrhein-Westfalen \u00fcberreicht.<\/p>\n                    <div class=\"flicgal-gallery-wrapper gallery-6600\">\n                                                    <h3 class=\"flicgal-title\">Tag des Ehrenamtes 2022<\/h3>\n                                                <div class=\"flicgal-gallery-container-wrapper\">\n                            <div class=\"flicgal-spinner-wrapper\">\n                                <div class=\"flicgal-loading-img\"><img decoding=\"async\" src=\"https:\/\/www.feuerwehrkostheim.de\/wp-content\/plugins\/flickr-album-gallery\/img\/loading.gif\" \/><\/div>\n                            <\/div>\n                            <div class=\"flicgal-gallery-container\"><\/div>\n                        <\/div>\n                        <!-- Blueimp gallery -->\n                        <div id=\"blueimp-gallery-6600\" class=\"blueimp-gallery blueimp-gallery-controls\">\n                            <div class=\"slides\"><\/div>\n                            <h3 class=\"title\"><\/h3>\n                            <a class=\"prev\">\u2039<\/a>\n                            <a class=\"next\">\u203a<\/a>\n                            <a class=\"close\">\u00d7<\/a>\n                            <a class=\"play-pause\"><\/a>\n                            <ol class=\"indicator\"><\/ol>\n                        <\/div>\n                    <\/div>\n                    \n            \n","protected":false},"excerpt":{"rendered":"","protected":false},"author":1,"featured_media":0,"comment_status":"closed","ping_status":"open","sticky":false,"template":"","format":"standard","meta":{"_et_pb_use_builder":"","_et_pb_old_content":"","_et_gb_content_width":"","_crdt_document":"","footnotes":""},"categories":[1],"tags":[1519,623,1153,1522,791,790,1546],"class_list":["post-6599","post","type-post","status-publish","format-standard","hentry","category-allgemein","tag-anerkennung","tag-auszeichnung","tag-ehrenamtstag","tag-ehrung","tag-ks-medaille","tag-medaille","tag-taunus-wunderland"],"_links":{"self":[{"href":"https:\/\/www.feuerwehrkostheim.de\/index.php?rest_route=\/wp\/v2\/posts\/6599","targetHints":{"allow":["GET"]}}],"collection":[{"href":"https:\/\/www.feuerwehrkostheim.de\/index.php?rest_route=\/wp\/v2\/posts"}],"about":[{"href":"https:\/\/www.feuerwehrkostheim.de\/index.php?rest_route=\/wp\/v2\/types\/post"}],"author":[{"embeddable":true,"href":"https:\/\/www.feuerwehrkostheim.de\/index.php?rest_route=\/wp\/v2\/users\/1"}],"replies":[{"embeddable":true,"href":"https:\/\/www.feuerwehrkostheim.de\/index.php?rest_route=%2Fwp%2Fv2%2Fcomments&post=6599"}],"version-history":[{"count":3,"href":"https:\/\/www.feuerwehrkostheim.de\/index.php?rest_route=\/wp\/v2\/posts\/6599\/revisions"}],"predecessor-version":[{"id":6603,"href":"https:\/\/www.feuerwehrkostheim.de\/index.php?rest_route=\/wp\/v2\/posts\/6599\/revisions\/6603"}],"wp:attachment":[{"href":"https:\/\/www.feuerwehrkostheim.de\/index.php?rest_route=%2Fwp%2Fv2%2Fmedia&parent=6599"}],"wp:term":[{"taxonomy":"category","embeddable":true,"href":"https:\/\/www.feuerwehrkostheim.de\/index.php?rest_route=%2Fwp%2Fv2%2Fcategories&post=6599"},{"taxonomy":"post_tag","embeddable":true,"href":"https:\/\/www.feuerwehrkostheim.de\/index.php?rest_route=%2Fwp%2Fv2%2Ftags&post=6599"}],"curies":[{"name":"wp","href":"https:\/\/api.w.org\/{rel}","templated":true}]}}