{"id":6581,"date":"2022-09-09T20:58:06","date_gmt":"2022-09-09T18:58:06","guid":{"rendered":"https:\/\/www.feuerwehrkostheim.de\/?p=6581"},"modified":"2022-09-09T20:58:06","modified_gmt":"2022-09-09T18:58:06","slug":"wachbesetzung-wegen-bombenfund","status":"publish","type":"post","link":"https:\/\/www.feuerwehrkostheim.de\/?p=6581","title":{"rendered":"Wachbesetzung wegen Bombenfund"},"content":{"rendered":"<p><img loading=\"lazy\" decoding=\"async\" class=\"alignleft\" title=\"Einsatz-Logo\" src=\"https:\/\/www.feuerwehrkostheim.de\/wp-content\/bilder\/sonstige\/logo_einsatz.jpg\" alt=\"Einsatz-Logo\" width=\"100\" height=\"100\" \/><strong>08. September 2022 &#8211; 19:00 Uhr<\/strong><br \/>\n<strong>Feuerwehrger\u00e4tehaus <\/strong><br \/>\nS WB<br \/>\nEinsatz 74 &#8211; 2022<\/p>\n<p><a href=\"https:\/\/www.feuerwehrkostheim.de\/wp-content\/uploads\/2022\/09\/2022-09-08.jpg\" target=\"_blank\" rel=\"noopener\"><img loading=\"lazy\" decoding=\"async\" class=\"alignright wp-image-6583 size-medium\" style=\"border: 4px solid #D8D8D8;\" src=\"https:\/\/www.feuerwehrkostheim.de\/wp-content\/uploads\/2022\/09\/2022-09-08-169x300.jpg\" alt=\"\" width=\"169\" height=\"300\" srcset=\"https:\/\/www.feuerwehrkostheim.de\/wp-content\/uploads\/2022\/09\/2022-09-08-169x300.jpg 169w, https:\/\/www.feuerwehrkostheim.de\/wp-content\/uploads\/2022\/09\/2022-09-08-576x1024.jpg 576w, https:\/\/www.feuerwehrkostheim.de\/wp-content\/uploads\/2022\/09\/2022-09-08-768x1365.jpg 768w, https:\/\/www.feuerwehrkostheim.de\/wp-content\/uploads\/2022\/09\/2022-09-08-864x1536.jpg 864w, https:\/\/www.feuerwehrkostheim.de\/wp-content\/uploads\/2022\/09\/2022-09-08.jpg 900w\" sizes=\"(max-width: 169px) 100vw, 169px\" \/><\/a>Aufgrund der Evakuierungs- und Entsch\u00e4rfungsma\u00dfnahmen in Verbindung mit dem Fund einer Weltkriegsbombe in der Wiesbadener Stra\u00dfe, wurde am Donnerstagabend um 19 Uhr die Kostheimer Feuerwehr zur Herstellung der Einsatzbereitschaft im s\u00fcdlichen Wachbezirk alarmiert. Da die Feuerwache 2 selbst im Evakuierungsradius lag, mussten die hauptamtlichen Kr\u00e4fte &#8220;ausquartiert&#8221; werden und fanden teilweise bei der Werkfeuerwehr InfraServ unterschlupf. W\u00e4hrend die freiwilligen Wehren aus Schierstein und Biebrich direkt mit in die Evakuierung eingebunden waren, standen die Feuerwehren aus Kostheim und Kastel f\u00fcr m\u00f6gliche Eins\u00e4tze zur Verf\u00fcgung. Nach etwa dreieinhalb Stunden &#8211; die Entsch\u00e4rfung war erfolgreich beendet und die Absperrbereiche waren wieder aufgehoben, konnte auch die Einsatzbereitschaft im S\u00fcden aufgehoben werden.<br \/>\nNeben den 16 Einsatzkr\u00e4ften aus Kostheim, die im Ger\u00e4tehaus bereit standen, waren zudem drei Kameraden schon seit dem Nachmittag \u00fcber die IuK-Gruppe und weitere Zwei bei der Logistikgruppe im Einsatz.<\/p>\n","protected":false},"excerpt":{"rendered":"<p>08. September 2022 &#8211; 19:00 Uhr Feuerwehrger\u00e4tehaus S WB Einsatz 74 &#8211; 2022 Aufgrund der Evakuierungs- und Entsch\u00e4rfungsma\u00dfnahmen in Verbindung mit dem Fund einer Weltkriegsbombe in der Wiesbadener Stra\u00dfe, wurde am Donnerstagabend um 19 Uhr die Kostheimer Feuerwehr zur Herstellung der Einsatzbereitschaft im s\u00fcdlichen Wachbezirk alarmiert. Da die Feuerwache 2 selbst im Evakuierungsradius lag, mussten [&hellip;]<\/p>\n","protected":false},"author":1,"featured_media":0,"comment_status":"closed","ping_status":"open","sticky":false,"template":"","format":"standard","meta":{"_et_pb_use_builder":"","_et_pb_old_content":"","_et_gb_content_width":"","_crdt_document":"","footnotes":""},"categories":[5],"tags":[1199,1536,1350,1305,243],"class_list":["post-6581","post","type-post","status-publish","format-standard","hentry","category-einsatze","tag-bombe","tag-entschaerfung","tag-feuerwehrgeraetehaus","tag-swb","tag-wachbesetzung"],"_links":{"self":[{"href":"https:\/\/www.feuerwehrkostheim.de\/index.php?rest_route=\/wp\/v2\/posts\/6581","targetHints":{"allow":["GET"]}}],"collection":[{"href":"https:\/\/www.feuerwehrkostheim.de\/index.php?rest_route=\/wp\/v2\/posts"}],"about":[{"href":"https:\/\/www.feuerwehrkostheim.de\/index.php?rest_route=\/wp\/v2\/types\/post"}],"author":[{"embeddable":true,"href":"https:\/\/www.feuerwehrkostheim.de\/index.php?rest_route=\/wp\/v2\/users\/1"}],"replies":[{"embeddable":true,"href":"https:\/\/www.feuerwehrkostheim.de\/index.php?rest_route=%2Fwp%2Fv2%2Fcomments&post=6581"}],"version-history":[{"count":3,"href":"https:\/\/www.feuerwehrkostheim.de\/index.php?rest_route=\/wp\/v2\/posts\/6581\/revisions"}],"predecessor-version":[{"id":6585,"href":"https:\/\/www.feuerwehrkostheim.de\/index.php?rest_route=\/wp\/v2\/posts\/6581\/revisions\/6585"}],"wp:attachment":[{"href":"https:\/\/www.feuerwehrkostheim.de\/index.php?rest_route=%2Fwp%2Fv2%2Fmedia&parent=6581"}],"wp:term":[{"taxonomy":"category","embeddable":true,"href":"https:\/\/www.feuerwehrkostheim.de\/index.php?rest_route=%2Fwp%2Fv2%2Fcategories&post=6581"},{"taxonomy":"post_tag","embeddable":true,"href":"https:\/\/www.feuerwehrkostheim.de\/index.php?rest_route=%2Fwp%2Fv2%2Ftags&post=6581"}],"curies":[{"name":"wp","href":"https:\/\/api.w.org\/{rel}","templated":true}]}}