{"id":6567,"date":"2022-09-01T16:37:49","date_gmt":"2022-09-01T14:37:49","guid":{"rendered":"https:\/\/www.feuerwehrkostheim.de\/?p=6567"},"modified":"2022-09-01T19:25:14","modified_gmt":"2022-09-01T17:25:14","slug":"feuer-im-keller","status":"publish","type":"post","link":"https:\/\/www.feuerwehrkostheim.de\/?p=6567","title":{"rendered":"Feuer im Keller"},"content":{"rendered":"<p><img loading=\"lazy\" decoding=\"async\" class=\"alignleft\" title=\"Einsatz-Logo\" src=\"https:\/\/www.feuerwehrkostheim.de\/wp-content\/bilder\/sonstige\/logo_einsatz.jpg\" alt=\"Einsatz-Logo\" width=\"100\" height=\"100\" \/><strong>31. August 2022 &#8211; 13:16 Uhr<\/strong><br \/>\n<strong>Hochheimer Stra\u00dfe<\/strong><br \/>\nF 2<br \/>\nEinsatz 70 &#8211; 2022<\/p>\n<p>Am Mittwochmittag musste die Kostheimer Feuerwehr zu einem gemeldeten Kellerbrand in der Hochheimer Stra\u00dfe ausr\u00fccken. Beim Eintreffen an der Einsatzstelle drang bereits dichter Rauch aus dem Geb\u00e4ude, sodass sich der erste Trupp unter Atemschutz und einem Strahlrohr \u00fcber ein Fenster im Erdgeschoss Zugang verschaffte. Zwischenzeitlich trafen die ebenfalls alarmierten Kr\u00e4fte der FF Delkenheim sowie des L\u00f6schzuges der Feuerwache 2 ein. Im weiteren Verlauf konnte das Feuer im Keller lokalisiert und gel\u00f6scht werden. Bevor der Einsatz beendet werden konnte, f\u00fchrte die Feuerwehr noch Bel\u00fcftungsma\u00dfnahmen durch, um das Geb\u00e4ude rauchfrei zu bekommen. Das Haus, in dem der Brand im Keller ausgebrochen war, ist aktuell leerstehend und nicht bewohnt.<\/p>\n","protected":false},"excerpt":{"rendered":"<p>31. August 2022 &#8211; 13:16 Uhr Hochheimer Stra\u00dfe F 2 Einsatz 70 &#8211; 2022 Am Mittwochmittag musste die Kostheimer Feuerwehr zu einem gemeldeten Kellerbrand in der Hochheimer Stra\u00dfe ausr\u00fccken. Beim Eintreffen an der Einsatzstelle drang bereits dichter Rauch aus dem Geb\u00e4ude, sodass sich der erste Trupp unter Atemschutz und einem Strahlrohr \u00fcber ein Fenster im [&hellip;]<\/p>\n","protected":false},"author":1,"featured_media":0,"comment_status":"closed","ping_status":"open","sticky":false,"template":"","format":"standard","meta":{"_et_pb_use_builder":"","_et_pb_old_content":"","_et_gb_content_width":"","_crdt_document":"","footnotes":""},"categories":[5],"tags":[110,44,50,96,1265,31,206,1499,366,1533,1357],"class_list":["post-6567","post","type-post","status-publish","format-standard","hentry","category-einsatze","tag-alarmgruppe","tag-atemschutz","tag-brand","tag-delkenheim","tag-f2","tag-feuer","tag-kellerbrand","tag-loeschzug","tag-rauch","tag-unbewohnt","tag-unrat"],"_links":{"self":[{"href":"https:\/\/www.feuerwehrkostheim.de\/index.php?rest_route=\/wp\/v2\/posts\/6567","targetHints":{"allow":["GET"]}}],"collection":[{"href":"https:\/\/www.feuerwehrkostheim.de\/index.php?rest_route=\/wp\/v2\/posts"}],"about":[{"href":"https:\/\/www.feuerwehrkostheim.de\/index.php?rest_route=\/wp\/v2\/types\/post"}],"author":[{"embeddable":true,"href":"https:\/\/www.feuerwehrkostheim.de\/index.php?rest_route=\/wp\/v2\/users\/1"}],"replies":[{"embeddable":true,"href":"https:\/\/www.feuerwehrkostheim.de\/index.php?rest_route=%2Fwp%2Fv2%2Fcomments&post=6567"}],"version-history":[{"count":2,"href":"https:\/\/www.feuerwehrkostheim.de\/index.php?rest_route=\/wp\/v2\/posts\/6567\/revisions"}],"predecessor-version":[{"id":6572,"href":"https:\/\/www.feuerwehrkostheim.de\/index.php?rest_route=\/wp\/v2\/posts\/6567\/revisions\/6572"}],"wp:attachment":[{"href":"https:\/\/www.feuerwehrkostheim.de\/index.php?rest_route=%2Fwp%2Fv2%2Fmedia&parent=6567"}],"wp:term":[{"taxonomy":"category","embeddable":true,"href":"https:\/\/www.feuerwehrkostheim.de\/index.php?rest_route=%2Fwp%2Fv2%2Fcategories&post=6567"},{"taxonomy":"post_tag","embeddable":true,"href":"https:\/\/www.feuerwehrkostheim.de\/index.php?rest_route=%2Fwp%2Fv2%2Ftags&post=6567"}],"curies":[{"name":"wp","href":"https:\/\/api.w.org\/{rel}","templated":true}]}}